{"id":2049,"date":"2026-04-07T03:00:00","date_gmt":"2026-04-07T06:00:00","guid":{"rendered":"https:\/\/sd-1501408-h00027.ferozo.net\/5-claves-para-potenciar-la-autonomia-en-el-trabajo\/"},"modified":"2026-04-28T20:21:58","modified_gmt":"2026-04-28T23:21:58","slug":"autonomia-en-el-trabajo-estudios-contables","status":"publish","type":"post","link":"https:\/\/plan-in.net\/ar\/gestion-del-estudio-contable\/autonomia-en-el-trabajo-estudios-contables\/","title":{"rendered":"C\u00f3mo fomentar la autonom\u00eda en el trabajo y potenciar tu estudio contable"},"content":{"rendered":"<p>Fomentar la <strong>autonom\u00eda en el trabajo<\/strong> es una estrategia clave para la gesti\u00f3n eficiente de equipos en un estudio contable. Permite eliminar la microgesti\u00f3n que, no solo consume tiempo, sino que tambi\u00e9n limita la motivaci\u00f3n y la productividad del equipo.<\/p>\n<p>En muchos estudios contables, la falta de autonom\u00eda genera un problema silencioso: <strong>equipos que dependen constantemente de validaciones, tareas que se frenan y socios atrapados en la operaci\u00f3n diaria<\/strong>. Esto no solo impacta en la productividad, sino tambi\u00e9n en la rentabilidad y la capacidad de escalar.<\/p>\n<p>As\u00ed, los l\u00edderes se liberan para enfocarse en decisiones estrat\u00e9gicas, y al mismo tiempo, aumenta el compromiso de los colaboradores con sus responsabilidades.<\/p>\n<p>En este art\u00edculo vas a conocer c\u00f3mo influye la autonom\u00eda en el trabajo en el rendimiento del estudio contable, qu\u00e9 acciones concretas puedes implementar para fomentarla y c\u00f3mo la tecnolog\u00eda puede convertirse en tu principal aliada.<\/p>\n<h2>\u00bfQu\u00e9 es la autonom\u00eda en el trabajo y por qu\u00e9 es clave en un estudio contable?<\/h2>\n<p>La <strong>autonom\u00eda en el trabajo<\/strong> es la capacidad de un colaborador de tomar decisiones y ejecutar tareas sin depender constantemente de validaciones, dentro de un marco claro de objetivos y procesos definidos.<\/p>\n<p>Seg\u00fan Trinity Solutions, el <strong>71% de las personas encuestadas afirm\u00f3 que la microgesti\u00f3n interfiere con su desempe\u00f1o<\/strong>. Por el contrario, fomentar la autonom\u00eda laboral genera un aumento de la productividad, mejora la motivaci\u00f3n y fortalece el compromiso.<\/p>\n<p>Cuando los plazos se ajustan de forma permanente y la rotaci\u00f3n de tareas es constante, como sucede en el \u00e1mbito contable, promover la autonom\u00eda no es opcional: es necesario para delegar con confianza y sostener la calidad del servicio.<\/p>\n<h2>Qu\u00e9 pasa cuando no hay autonom\u00eda en un estudio contable<\/h2>\n<p>Cuando la autonom\u00eda en el trabajo no est\u00e1 desarrollada, aparecen problemas operativos que afectan directamente el funcionamiento del estudio:<\/p>\n<ul>\n<li><strong>Dependencia constante del socio o l\u00edder<\/strong>, que se convierte en cuello de botella.<\/li>\n<li><strong>Tareas que se frenan por falta de decisi\u00f3n<\/strong>, afectando los tiempos de entrega.<\/li>\n<li><strong>Sobrecarga en perfiles senior<\/strong>, que terminan resolviendo todo.<\/li>\n<li><strong>Falta de previsibilidad en el trabajo<\/strong>, dificultando la planificaci\u00f3n.<\/li>\n<li><strong>Impacto directo en la rentabilidad<\/strong>, por horas improductivas y reprocesos.<\/li>\n<\/ul>\n<p>En estudios contables que gestionan m\u00faltiples clientes y vencimientos simult\u00e1neos, estos problemas no solo afectan la eficiencia, sino tambi\u00e9n la <strong>experiencia del cliente y la capacidad de crecimiento<\/strong>.<\/p>\n<p>En t\u00e9rminos pr\u00e1cticos, esto se traduce en horas no productivas, sobrecarga en perfiles clave y p\u00e9rdida de <a href=\"https:\/\/plan-in.net\/ar\/gestion-del-estudio-contable\/rentabilidad-por-cliente-como-optimizarla\/\">rentabilidad en cada cliente<\/a>.<\/p>\n<h2>C\u00f3mo impacta la autonom\u00eda en la productividad del equipo<\/h2>\n<p>Fomentar la autonom\u00eda en el trabajo no solo mejora el clima laboral, sino que tiene un impacto directo en la operaci\u00f3n del estudio contable.<\/p>\n<h3>Mayor velocidad de ejecuci\u00f3n<\/h3>\n<p>Cuando un equipo puede actuar sin esperar indicaciones constantes, <strong>las tareas fluyen con mayor agilidad<\/strong> y se reducen los tiempos muertos.<\/p>\n<h3>Soluciones m\u00e1s eficientes y creativas<\/h3>\n<p>La autonom\u00eda fomenta la iniciativa y el pensamiento cr\u00edtico, lo que permite <strong>resolver problemas sin escalar todo al socio o l\u00edder<\/strong>.<\/p>\n<h3>M\u00e1s compromiso y sentido de pertenencia<\/h3>\n<p>Asumir responsabilidades fortalece el v\u00ednculo con el estudio contable, impactando directamente en la <strong>motivaci\u00f3n y la calidad del trabajo<\/strong>.<\/p>\n<h2>8 acciones concretas para fomentar la autonom\u00eda en el estudio contable<\/h2>\n<p>En la pr\u00e1ctica, muchos estudios contables creen que fomentar la autonom\u00eda implica \u201csoltar el control\u201d. Sin embargo, la experiencia demuestra lo contrario: <strong>la autonom\u00eda bien gestionada requiere estructura, visibilidad y procesos claros<\/strong>.<\/p>\n<p>En estudios contables que crecen, este es un patr\u00f3n com\u00fan: cuanto mayor es la <a href=\"https:\/\/www.linkedin.com\/pulse\/tu-equipo-puede-funcionar-sin-ti-o-eres-el-cuello-de-botella-ww9sf\/?trackingId=rQJmkswwe3ui0JhJVS6bTw%3D%3D\">dependencia del socio para tomar decisiones<\/a>, menor es la capacidad de escalar sin perder control.<\/p>\n<h3>1. Definir objetivos y roles claros<\/h3>\n<p>Las personas trabajan con mayor independencia cuando entienden qu\u00e9 se espera de ellas.<\/p>\n<h3>2. Asignar tareas seg\u00fan habilidades<\/h3>\n<p>Delegar en funci\u00f3n de fortalezas mejora la eficiencia y reduce errores.<\/p>\n<h3>3. Acceso a informaci\u00f3n centralizada y actualizada<\/h3>\n<p>Sin informaci\u00f3n, no hay autonom\u00eda. El acceso en tiempo real es clave para tomar decisiones.<\/p>\n<h3>4. Promover la toma de decisiones independiente<\/h3>\n<p>Permitir decidir dentro de un marco definido agiliza el trabajo y reduce dependencias.<\/p>\n<h3>5. Fomentar la colaboraci\u00f3n y la responsabilidad compartida<\/h3>\n<p>La autonom\u00eda no es trabajo aislado, sino coordinaci\u00f3n eficiente sin fricci\u00f3n.<\/p>\n<h3>6. Dar feedback frecuente y constructivo<\/h3>\n<p>El feedback continuo permite ajustar sin necesidad de control constante.<\/p>\n<h3>7. Garantizar visibilidad y trazabilidad de las tareas<\/h3>\n<p>Lo que no se ve, no se puede gestionar. La visibilidad reemplaza la microgesti\u00f3n.<\/p>\n<h3>8. Evitar la microgesti\u00f3n<\/h3>\n<p>Delegar con claridad y contexto permite que el equipo organice su trabajo sin depender del seguimiento manual.<\/p>\n<h2>Tecnolog\u00eda y autonom\u00eda: c\u00f3mo mejorar la gesti\u00f3n sin perder el control<\/h2>\n<p>Uno de los principales obst\u00e1culos para fomentar la autonom\u00eda en el trabajo no es cultural, sino operativo: <strong>la falta de informaci\u00f3n, visibilidad y orden en la gesti\u00f3n diaria<\/strong>.<\/p>\n<p>Aqu\u00ed es donde entra en juego el uso de un <strong>software de gesti\u00f3n para estudios contables<\/strong>, que permita ordenar la operaci\u00f3n y dar autonom\u00eda sin perder control.<\/p>\n<p>Sin un sistema que ordene el trabajo, la autonom\u00eda se vuelve limitada.<\/p>\n<p>En la pr\u00e1ctica, muchos estudios intentan delegar, pero terminan volviendo al control manual porque <strong>no tienen visibilidad sobre lo que est\u00e1 pasando en el d\u00eda a d\u00eda<\/strong>.<\/p>\n<p>La autonom\u00eda real no depende solo del equipo, depende de contar con informaci\u00f3n clara, procesos definidos y seguimiento en tiempo real.<\/p>\n<p>Digitalizar la gesti\u00f3n contable no solo ahorra tiempo, tambi\u00e9n crea un entorno donde el equipo puede operar con independencia real.<\/p>\n<p>Herramientas como Plan In permiten:<\/p>\n<ul>\n<li><a href=\"https:\/\/plan-in.net\/ar\/producto\/consolidacion-de-base-de-datos\/\">Centralizar la informaci\u00f3n<\/a>, evitando depender de m\u00faltiples fuentes.<\/li>\n<li><a href=\"https:\/\/plan-in.net\/ar\/producto\/gestion-de-capacidad\/\">Visualizar el avance de tareas<\/a>, sin necesidad de seguimiento manual.<\/li>\n<li><a href=\"https:\/\/plan-in.net\/ar\/producto\/actualizacion-del-calendario-de-vencimientos\/\">Automatizar avisos y vencimientos<\/a>, reduciendo errores y olvidos.<\/li>\n<li><a href=\"https:\/\/plan-in.net\/ar\/producto\/trabajo-colaborativo\/\">Reasignar tareas r\u00e1pidamente<\/a>, mejorando la capacidad de respuesta.<\/li>\n<\/ul>\n<p>Gracias a esto, los l\u00edderes pueden delegar con confianza y el equipo trabajar con mayor autonom\u00eda, sin perder el control operativo.<\/p>\n<h2>Claves para fomentar la autonom\u00eda en el trabajo en tu estudio contable<\/h2>\n<p>Si necesitas una s\u00edntesis clara para implementar autonom\u00eda en tu equipo:<\/p>\n<ul>\n<li>Definir roles y objetivos con precisi\u00f3n.<\/li>\n<li>Dar acceso a informaci\u00f3n en tiempo real.<\/li>\n<li>Delegar decisiones dentro de un marco claro.<\/li>\n<li>Asegurar visibilidad sobre el trabajo.<\/li>\n<li>Reemplazar el control manual por sistemas.<\/li>\n<\/ul>\n<p><strong>La autonom\u00eda no es ausencia de control, es control basado en informaci\u00f3n.<\/strong><\/p>\n<h2>Preguntas frecuentes sobre autonom\u00eda en el trabajo<\/h2>\n<h3>\u00bfQu\u00e9 significa realmente la autonom\u00eda en el trabajo?<\/h3>\n<p>Es la capacidad de gestionar tareas y tomar decisiones sin depender constantemente de validaciones, dentro de un marco definido.<\/p>\n<h3>\u00bfLa autonom\u00eda reduce el control sobre el equipo?<\/h3>\n<p>No. Bien implementada, mejora el control porque se basa en visibilidad y trazabilidad.<\/p>\n<h3>\u00bfPor qu\u00e9 es importante en estudios contables?<\/h3>\n<p>Porque permite cumplir vencimientos con mayor eficiencia y reducir la dependencia del socio.<\/p>\n<h3>\u00bfQu\u00e9 impide que un equipo sea aut\u00f3nomo?<\/h3>\n<p>Principalmente la falta de informaci\u00f3n, procesos poco claros y ausencia de herramientas de gesti\u00f3n.<\/p>\n<h3>\u00bfC\u00f3mo implementarla sin perder calidad?<\/h3>\n<p>Con procesos definidos, roles claros y sistemas que permitan monitorear el trabajo en tiempo real.<\/p>\n<h2>Autonom\u00eda en el trabajo: el paso necesario para escalar tu estudio contable<\/h2>\n<p>Promover la <strong>autonom\u00eda en el trabajo<\/strong> no es solo una mejora en la gesti\u00f3n del equipo. Es una decisi\u00f3n que define si tu estudio puede crecer de forma ordenada o quedar atrapado en la dependencia operativa del d\u00eda a d\u00eda.<\/p>\n<p>Cuando combinas una cultura basada en la confianza con herramientas que ofrecen visibilidad y trazabilidad, logras un equipo m\u00e1s \u00e1gil, eficiente y alineado con los desaf\u00edos actuales.<\/p>\n<p>\u00bfQuer\u00e9s impulsar la autonom\u00eda en tu equipo y dejar atr\u00e1s la microgesti\u00f3n? <a href=\"#demo\">Agenda tu demo gratuita y personalizada<\/a> y descubre c\u00f3mo Plan In puede ayudarte a lograrlo.<\/p>\n","protected":false},"excerpt":{"rendered":"<p>Descubre c\u00f3mo fomentar la autonom\u00eda en el trabajo y mejorar la productividad, rentabilidad y control en tu estudio contable.<\/p>\n","protected":false},"author":3,"featured_media":3864,"comment_status":"closed","ping_status":"closed","sticky":false,"template":"","format":"standard","meta":{"_acf_changed":false,"footnotes":""},"categories":[11],"tags":[],"class_list":["post-2049","post","type-post","status-publish","format-standard","has-post-thumbnail","hentry","category-gestion-del-estudio-contable"],"acf":[],"yoast_head":"<!-- This site is optimized with the Yoast SEO plugin v27.3 - https:\/\/yoast.com\/product\/yoast-seo-wordpress\/ -->\n<title>Autonom\u00eda en el trabajo: clave para escalar tu estudio contable<\/title>\n<meta name=\"description\" content=\"Descubre c\u00f3mo fomentar la autonom\u00eda en el trabajo y mejorar la productividad, rentabilidad y control en tu estudio contable.\" \/>\n<meta name=\"robots\" content=\"index, follow, max-snippet:-1, max-image-preview:large, max-video-preview:-1\" \/>\n<link rel=\"canonical\" href=\"https:\/\/plan-in.net\/ar\/gestion-del-estudio-contable\/autonomia-en-el-trabajo-estudios-contables\/\" \/>\n<meta property=\"og:locale\" content=\"es_ES\" \/>\n<meta property=\"og:type\" content=\"article\" \/>\n<meta property=\"og:title\" content=\"Autonom\u00eda en el trabajo: clave para escalar tu estudio contable\" \/>\n<meta property=\"og:description\" content=\"Descubre c\u00f3mo fomentar la autonom\u00eda en el trabajo y mejorar la productividad, rentabilidad y control en tu estudio contable.\" \/>\n<meta property=\"og:url\" content=\"https:\/\/plan-in.net\/ar\/gestion-del-estudio-contable\/autonomia-en-el-trabajo-estudios-contables\/\" \/>\n<meta property=\"og:site_name\" content=\"Plan In\" \/>\n<meta property=\"article:publisher\" content=\"https:\/\/www.facebook.com\/planintool\" \/>\n<meta property=\"article:published_time\" content=\"2026-04-07T06:00:00+00:00\" \/>\n<meta property=\"article:modified_time\" content=\"2026-04-28T23:21:58+00:00\" \/>\n<meta property=\"og:image\" content=\"https:\/\/plan-in.net\/wp-content\/uploads\/2023\/05\/autonomia-en-el-trabajo-scaled.jpg\" \/>\n\t<meta property=\"og:image:width\" content=\"2560\" \/>\n\t<meta property=\"og:image:height\" content=\"1707\" \/>\n\t<meta property=\"og:image:type\" content=\"image\/jpeg\" \/>\n<meta name=\"author\" content=\"Andrea Garcia\" \/>\n<meta name=\"twitter:card\" content=\"summary_large_image\" \/>\n<meta name=\"twitter:label1\" content=\"Escrito por\" \/>\n\t<meta name=\"twitter:data1\" content=\"Andrea Garcia\" \/>\n\t<meta name=\"twitter:label2\" content=\"Tiempo de lectura\" \/>\n\t<meta name=\"twitter:data2\" content=\"6 minutos\" \/>\n<script type=\"application\/ld+json\" class=\"yoast-schema-graph\">{\"@context\":\"https:\\\/\\\/schema.org\",\"@graph\":[{\"@type\":\"Article\",\"@id\":\"https:\\\/\\\/plan-in.net\\\/gestion-del-estudio-contable\\\/autonomia-en-el-trabajo-estudios-contables\\\/#article\",\"isPartOf\":{\"@id\":\"https:\\\/\\\/plan-in.net\\\/gestion-del-estudio-contable\\\/autonomia-en-el-trabajo-estudios-contables\\\/\"},\"author\":{\"name\":\"Andrea Garcia\",\"@id\":\"https:\\\/\\\/plan-in.net\\\/ar\\\/#\\\/schema\\\/person\\\/2522c76f7341aa1453c365a4345159f9\"},\"headline\":\"C\u00f3mo fomentar la autonom\u00eda en el trabajo y potenciar tu estudio contable\",\"datePublished\":\"2026-04-07T06:00:00+00:00\",\"dateModified\":\"2026-04-28T23:21:58+00:00\",\"mainEntityOfPage\":{\"@id\":\"https:\\\/\\\/plan-in.net\\\/gestion-del-estudio-contable\\\/autonomia-en-el-trabajo-estudios-contables\\\/\"},\"wordCount\":1349,\"publisher\":{\"@id\":\"https:\\\/\\\/plan-in.net\\\/ar\\\/#organization\"},\"image\":{\"@id\":\"https:\\\/\\\/plan-in.net\\\/gestion-del-estudio-contable\\\/autonomia-en-el-trabajo-estudios-contables\\\/#primaryimage\"},\"thumbnailUrl\":\"https:\\\/\\\/plan-in.net\\\/wp-content\\\/uploads\\\/2023\\\/05\\\/autonomia-en-el-trabajo-scaled.jpg\",\"articleSection\":[\"Gesti\u00f3n del Estudio Contable\"],\"inLanguage\":\"es-AR\"},{\"@type\":\"WebPage\",\"@id\":\"https:\\\/\\\/plan-in.net\\\/gestion-del-estudio-contable\\\/autonomia-en-el-trabajo-estudios-contables\\\/\",\"url\":\"https:\\\/\\\/plan-in.net\\\/gestion-del-estudio-contable\\\/autonomia-en-el-trabajo-estudios-contables\\\/\",\"name\":\"Autonom\u00eda en el trabajo: clave para escalar tu estudio contable\",\"isPartOf\":{\"@id\":\"https:\\\/\\\/plan-in.net\\\/ar\\\/#website\"},\"primaryImageOfPage\":{\"@id\":\"https:\\\/\\\/plan-in.net\\\/gestion-del-estudio-contable\\\/autonomia-en-el-trabajo-estudios-contables\\\/#primaryimage\"},\"image\":{\"@id\":\"https:\\\/\\\/plan-in.net\\\/gestion-del-estudio-contable\\\/autonomia-en-el-trabajo-estudios-contables\\\/#primaryimage\"},\"thumbnailUrl\":\"https:\\\/\\\/plan-in.net\\\/wp-content\\\/uploads\\\/2023\\\/05\\\/autonomia-en-el-trabajo-scaled.jpg\",\"datePublished\":\"2026-04-07T06:00:00+00:00\",\"dateModified\":\"2026-04-28T23:21:58+00:00\",\"description\":\"Descubre c\u00f3mo fomentar la autonom\u00eda en el trabajo y mejorar la productividad, rentabilidad y control en tu estudio contable.\",\"breadcrumb\":{\"@id\":\"https:\\\/\\\/plan-in.net\\\/gestion-del-estudio-contable\\\/autonomia-en-el-trabajo-estudios-contables\\\/#breadcrumb\"},\"inLanguage\":\"es-AR\",\"potentialAction\":[{\"@type\":\"ReadAction\",\"target\":[\"https:\\\/\\\/plan-in.net\\\/gestion-del-estudio-contable\\\/autonomia-en-el-trabajo-estudios-contables\\\/\"]}]},{\"@type\":\"ImageObject\",\"inLanguage\":\"es-AR\",\"@id\":\"https:\\\/\\\/plan-in.net\\\/gestion-del-estudio-contable\\\/autonomia-en-el-trabajo-estudios-contables\\\/#primaryimage\",\"url\":\"https:\\\/\\\/plan-in.net\\\/wp-content\\\/uploads\\\/2023\\\/05\\\/autonomia-en-el-trabajo-scaled.jpg\",\"contentUrl\":\"https:\\\/\\\/plan-in.net\\\/wp-content\\\/uploads\\\/2023\\\/05\\\/autonomia-en-el-trabajo-scaled.jpg\",\"width\":2560,\"height\":1707,\"caption\":\"Jefe se muestra actitud serena por la autonom\u00eda en el trabajo\"},{\"@type\":\"BreadcrumbList\",\"@id\":\"https:\\\/\\\/plan-in.net\\\/gestion-del-estudio-contable\\\/autonomia-en-el-trabajo-estudios-contables\\\/#breadcrumb\",\"itemListElement\":[{\"@type\":\"ListItem\",\"position\":1,\"name\":\"Inicio\",\"item\":\"https:\\\/\\\/plan-in.net\\\/ar\\\/\"},{\"@type\":\"ListItem\",\"position\":2,\"name\":\"C\u00f3mo fomentar la autonom\u00eda en el trabajo y potenciar tu estudio contable\"}]},{\"@type\":\"WebSite\",\"@id\":\"https:\\\/\\\/plan-in.net\\\/ar\\\/#website\",\"url\":\"https:\\\/\\\/plan-in.net\\\/ar\\\/\",\"name\":\"Plan In\",\"description\":\"\",\"publisher\":{\"@id\":\"https:\\\/\\\/plan-in.net\\\/ar\\\/#organization\"},\"potentialAction\":[{\"@type\":\"SearchAction\",\"target\":{\"@type\":\"EntryPoint\",\"urlTemplate\":\"https:\\\/\\\/plan-in.net\\\/ar\\\/?s={search_term_string}\"},\"query-input\":{\"@type\":\"PropertyValueSpecification\",\"valueRequired\":true,\"valueName\":\"search_term_string\"}}],\"inLanguage\":\"es-AR\"},{\"@type\":\"Organization\",\"@id\":\"https:\\\/\\\/plan-in.net\\\/ar\\\/#organization\",\"name\":\"Plan In\",\"alternateName\":\"Plan In - Software para contadores\",\"url\":\"https:\\\/\\\/plan-in.net\\\/ar\\\/\",\"logo\":{\"@type\":\"ImageObject\",\"inLanguage\":\"es-AR\",\"@id\":\"https:\\\/\\\/plan-in.net\\\/ar\\\/#\\\/schema\\\/logo\\\/image\\\/\",\"url\":\"https:\\\/\\\/plan-in.net\\\/wp-content\\\/uploads\\\/2025\\\/02\\\/logo_alternativo.svg\",\"contentUrl\":\"https:\\\/\\\/plan-in.net\\\/wp-content\\\/uploads\\\/2025\\\/02\\\/logo_alternativo.svg\",\"width\":69,\"height\":26,\"caption\":\"Plan In\"},\"image\":{\"@id\":\"https:\\\/\\\/plan-in.net\\\/ar\\\/#\\\/schema\\\/logo\\\/image\\\/\"},\"sameAs\":[\"https:\\\/\\\/www.facebook.com\\\/planintool\",\"https:\\\/\\\/www.instagram.com\\\/plan_in_contadores\\\/?hl=es-la\",\"https:\\\/\\\/www.linkedin.com\\\/company\\\/plan-innet\\\/\"]},{\"@type\":\"Person\",\"@id\":\"https:\\\/\\\/plan-in.net\\\/ar\\\/#\\\/schema\\\/person\\\/2522c76f7341aa1453c365a4345159f9\",\"name\":\"Andrea Garcia\",\"sameAs\":[\"https:\\\/\\\/plan-in.net\\\/\"],\"url\":\"https:\\\/\\\/plan-in.net\\\/ar\\\/author\\\/andrea-garcia\\\/\"}]}<\/script>\n<!-- \/ Yoast SEO plugin. -->","yoast_head_json":{"title":"Autonom\u00eda en el trabajo: clave para escalar tu estudio contable","description":"Descubre c\u00f3mo fomentar la autonom\u00eda en el trabajo y mejorar la productividad, rentabilidad y control en tu estudio contable.","robots":{"index":"index","follow":"follow","max-snippet":"max-snippet:-1","max-image-preview":"max-image-preview:large","max-video-preview":"max-video-preview:-1"},"canonical":"https:\/\/plan-in.net\/ar\/gestion-del-estudio-contable\/autonomia-en-el-trabajo-estudios-contables\/","og_locale":"es_ES","og_type":"article","og_title":"Autonom\u00eda en el trabajo: clave para escalar tu estudio contable","og_description":"Descubre c\u00f3mo fomentar la autonom\u00eda en el trabajo y mejorar la productividad, rentabilidad y control en tu estudio contable.","og_url":"https:\/\/plan-in.net\/ar\/gestion-del-estudio-contable\/autonomia-en-el-trabajo-estudios-contables\/","og_site_name":"Plan In","article_publisher":"https:\/\/www.facebook.com\/planintool","article_published_time":"2026-04-07T06:00:00+00:00","article_modified_time":"2026-04-28T23:21:58+00:00","og_image":[{"width":2560,"height":1707,"url":"https:\/\/plan-in.net\/wp-content\/uploads\/2023\/05\/autonomia-en-el-trabajo-scaled.jpg","type":"image\/jpeg"}],"author":"Andrea Garcia","twitter_card":"summary_large_image","twitter_misc":{"Escrito por":"Andrea Garcia","Tiempo de lectura":"6 minutos"},"schema":{"@context":"https:\/\/schema.org","@graph":[{"@type":"Article","@id":"https:\/\/plan-in.net\/gestion-del-estudio-contable\/autonomia-en-el-trabajo-estudios-contables\/#article","isPartOf":{"@id":"https:\/\/plan-in.net\/gestion-del-estudio-contable\/autonomia-en-el-trabajo-estudios-contables\/"},"author":{"name":"Andrea Garcia","@id":"https:\/\/plan-in.net\/ar\/#\/schema\/person\/2522c76f7341aa1453c365a4345159f9"},"headline":"C\u00f3mo fomentar la autonom\u00eda en el trabajo y potenciar tu estudio contable","datePublished":"2026-04-07T06:00:00+00:00","dateModified":"2026-04-28T23:21:58+00:00","mainEntityOfPage":{"@id":"https:\/\/plan-in.net\/gestion-del-estudio-contable\/autonomia-en-el-trabajo-estudios-contables\/"},"wordCount":1349,"publisher":{"@id":"https:\/\/plan-in.net\/ar\/#organization"},"image":{"@id":"https:\/\/plan-in.net\/gestion-del-estudio-contable\/autonomia-en-el-trabajo-estudios-contables\/#primaryimage"},"thumbnailUrl":"https:\/\/plan-in.net\/wp-content\/uploads\/2023\/05\/autonomia-en-el-trabajo-scaled.jpg","articleSection":["Gesti\u00f3n del Estudio Contable"],"inLanguage":"es-AR"},{"@type":"WebPage","@id":"https:\/\/plan-in.net\/gestion-del-estudio-contable\/autonomia-en-el-trabajo-estudios-contables\/","url":"https:\/\/plan-in.net\/gestion-del-estudio-contable\/autonomia-en-el-trabajo-estudios-contables\/","name":"Autonom\u00eda en el trabajo: clave para escalar tu estudio contable","isPartOf":{"@id":"https:\/\/plan-in.net\/ar\/#website"},"primaryImageOfPage":{"@id":"https:\/\/plan-in.net\/gestion-del-estudio-contable\/autonomia-en-el-trabajo-estudios-contables\/#primaryimage"},"image":{"@id":"https:\/\/plan-in.net\/gestion-del-estudio-contable\/autonomia-en-el-trabajo-estudios-contables\/#primaryimage"},"thumbnailUrl":"https:\/\/plan-in.net\/wp-content\/uploads\/2023\/05\/autonomia-en-el-trabajo-scaled.jpg","datePublished":"2026-04-07T06:00:00+00:00","dateModified":"2026-04-28T23:21:58+00:00","description":"Descubre c\u00f3mo fomentar la autonom\u00eda en el trabajo y mejorar la productividad, rentabilidad y control en tu estudio contable.","breadcrumb":{"@id":"https:\/\/plan-in.net\/gestion-del-estudio-contable\/autonomia-en-el-trabajo-estudios-contables\/#breadcrumb"},"inLanguage":"es-AR","potentialAction":[{"@type":"ReadAction","target":["https:\/\/plan-in.net\/gestion-del-estudio-contable\/autonomia-en-el-trabajo-estudios-contables\/"]}]},{"@type":"ImageObject","inLanguage":"es-AR","@id":"https:\/\/plan-in.net\/gestion-del-estudio-contable\/autonomia-en-el-trabajo-estudios-contables\/#primaryimage","url":"https:\/\/plan-in.net\/wp-content\/uploads\/2023\/05\/autonomia-en-el-trabajo-scaled.jpg","contentUrl":"https:\/\/plan-in.net\/wp-content\/uploads\/2023\/05\/autonomia-en-el-trabajo-scaled.jpg","width":2560,"height":1707,"caption":"Jefe se muestra actitud serena por la autonom\u00eda en el trabajo"},{"@type":"BreadcrumbList","@id":"https:\/\/plan-in.net\/gestion-del-estudio-contable\/autonomia-en-el-trabajo-estudios-contables\/#breadcrumb","itemListElement":[{"@type":"ListItem","position":1,"name":"Inicio","item":"https:\/\/plan-in.net\/ar\/"},{"@type":"ListItem","position":2,"name":"C\u00f3mo fomentar la autonom\u00eda en el trabajo y potenciar tu estudio contable"}]},{"@type":"WebSite","@id":"https:\/\/plan-in.net\/ar\/#website","url":"https:\/\/plan-in.net\/ar\/","name":"Plan In","description":"","publisher":{"@id":"https:\/\/plan-in.net\/ar\/#organization"},"potentialAction":[{"@type":"SearchAction","target":{"@type":"EntryPoint","urlTemplate":"https:\/\/plan-in.net\/ar\/?s={search_term_string}"},"query-input":{"@type":"PropertyValueSpecification","valueRequired":true,"valueName":"search_term_string"}}],"inLanguage":"es-AR"},{"@type":"Organization","@id":"https:\/\/plan-in.net\/ar\/#organization","name":"Plan In","alternateName":"Plan In - Software para contadores","url":"https:\/\/plan-in.net\/ar\/","logo":{"@type":"ImageObject","inLanguage":"es-AR","@id":"https:\/\/plan-in.net\/ar\/#\/schema\/logo\/image\/","url":"https:\/\/plan-in.net\/wp-content\/uploads\/2025\/02\/logo_alternativo.svg","contentUrl":"https:\/\/plan-in.net\/wp-content\/uploads\/2025\/02\/logo_alternativo.svg","width":69,"height":26,"caption":"Plan In"},"image":{"@id":"https:\/\/plan-in.net\/ar\/#\/schema\/logo\/image\/"},"sameAs":["https:\/\/www.facebook.com\/planintool","https:\/\/www.instagram.com\/plan_in_contadores\/?hl=es-la","https:\/\/www.linkedin.com\/company\/plan-innet\/"]},{"@type":"Person","@id":"https:\/\/plan-in.net\/ar\/#\/schema\/person\/2522c76f7341aa1453c365a4345159f9","name":"Andrea Garcia","sameAs":["https:\/\/plan-in.net\/"],"url":"https:\/\/plan-in.net\/ar\/author\/andrea-garcia\/"}]}},"_links":{"self":[{"href":"https:\/\/plan-in.net\/ar\/wp-json\/wp\/v2\/posts\/2049","targetHints":{"allow":["GET"]}}],"collection":[{"href":"https:\/\/plan-in.net\/ar\/wp-json\/wp\/v2\/posts"}],"about":[{"href":"https:\/\/plan-in.net\/ar\/wp-json\/wp\/v2\/types\/post"}],"author":[{"embeddable":true,"href":"https:\/\/plan-in.net\/ar\/wp-json\/wp\/v2\/users\/3"}],"replies":[{"embeddable":true,"href":"https:\/\/plan-in.net\/ar\/wp-json\/wp\/v2\/comments?post=2049"}],"version-history":[{"count":10,"href":"https:\/\/plan-in.net\/ar\/wp-json\/wp\/v2\/posts\/2049\/revisions"}],"predecessor-version":[{"id":5130,"href":"https:\/\/plan-in.net\/ar\/wp-json\/wp\/v2\/posts\/2049\/revisions\/5130"}],"wp:featuredmedia":[{"embeddable":true,"href":"https:\/\/plan-in.net\/ar\/wp-json\/wp\/v2\/media\/3864"}],"wp:attachment":[{"href":"https:\/\/plan-in.net\/ar\/wp-json\/wp\/v2\/media?parent=2049"}],"wp:term":[{"taxonomy":"category","embeddable":true,"href":"https:\/\/plan-in.net\/ar\/wp-json\/wp\/v2\/categories?post=2049"},{"taxonomy":"post_tag","embeddable":true,"href":"https:\/\/plan-in.net\/ar\/wp-json\/wp\/v2\/tags?post=2049"}],"curies":[{"name":"wp","href":"https:\/\/api.w.org\/{rel}","templated":true}]}}