{"id":4819,"date":"2025-11-11T08:23:02","date_gmt":"2025-11-11T11:23:02","guid":{"rendered":"https:\/\/plan-in.net\/?p=4819"},"modified":"2025-12-04T16:16:00","modified_gmt":"2025-12-04T19:16:00","slug":"yarde-buller-canto-asociados-2","status":"publish","type":"post","link":"https:\/\/plan-in.net\/ar\/casos-de-exito\/yarde-buller-canto-asociados-2\/","title":{"rendered":"Yarde Buller, Canto &#038; Asociados: c\u00f3mo transformaron su gesti\u00f3n del tiempo con Plan In"},"content":{"rendered":"<p><strong>La gesti\u00f3n del tiempo en estudios contables<\/strong> es mucho m\u00e1s que una rutina diaria: es el coraz\u00f3n de la rentabilidad, de la calidad del servicio y de la salud operativa del negocio. Sin control sobre horas, carga laboral y cumplimiento de tareas, resulta imposible escalar, delegar o sostener una operaci\u00f3n eficiente.<\/p>\n<p>Antes de implementar Plan In, el estudio Yarde Buller, Canto &amp; Asociados necesitaba controlar tiempos, ordenar la carga operativa y obtener visibilidad real del trabajo diario. Con nuestra herramienta, lograron optimizar la gesti\u00f3n del tiempo, mejorar la productividad del equipo y ganar claridad para tomar decisiones estrat\u00e9gicas.<\/p>\n<h2>Sobre el cliente<\/h2>\n<p><strong>Yarde Buller, Canto &amp; Asociados<\/strong> es un estudio contable argentino con una s\u00f3lida trayectoria en servicios de auditor\u00eda, impuestos y administraci\u00f3n. Atienden empresas de distintos sectores y tienen una cultura de trabajo basada en la responsabilidad, la actualizaci\u00f3n permanente y la cercan\u00eda con el cliente.<\/p>\n<p>El entrevistado, <strong>Alan Yarde Buller<\/strong>, socio del estudio, combina una visi\u00f3n humana del oficio con una fuerte vocaci\u00f3n t\u00e9cnica y operativa.<\/p>\n<p>Su rol est\u00e1 muy ligado al <strong>control, la supervisi\u00f3n y el an\u00e1lisis<\/strong>, por lo que necesitaba una herramienta que le permitiera tomar decisiones basadas en datos y no en percepciones.<\/p>\n<h2>El desaf\u00edo inicial<\/h2>\n<p>Antes de Plan In, el estudio operaba con procesos tradicionales, herramientas dispersas y un nivel de control que depend\u00eda m\u00e1s de la experiencia que de datos concretos. Esto generaba:<\/p>\n<ul>\n<li>Dificultad para ver el avance real del equipo.<\/li>\n<li>Demoras o desbalances en la carga laboral.<\/li>\n<li>Conversaciones con clientes sin evidencia objetiva.<\/li>\n<li>Falta de una visi\u00f3n consolidada de la operaci\u00f3n diaria y semanal.<\/li>\n<li>P\u00e9rdida de horas valiosas en seguimiento manual.<\/li>\n<\/ul>\n<p>En palabras de Alan:<\/p>\n<blockquote><p><em>\u201cNosotros vendemos horas. Y no tener control del tiempo nos hac\u00eda perder productividad.\u201d<\/em><\/p><\/blockquote>\n<p>Tambi\u00e9n hab\u00eda una necesidad urgente de ordenar la informaci\u00f3n, detectar retrasos y distribuir tareas bas\u00e1ndose en datos.<\/p>\n<h2>C\u00f3mo fue el proceso de adopci\u00f3n de Plan In<\/h2>\n<p>Cuando conocieron Plan In, la transici\u00f3n fue inmediata. \u201cCuando hay una necesidad, no se sufre la migraci\u00f3n. Vimos la demo y dijimos: es esto lo que est\u00e1bamos buscando\u201d, explica Alan Yarde Buller.<\/p>\n<h3>Puntos clave de la implementaci\u00f3n<\/h3>\n<ul>\n<li><strong>Adopci\u00f3n r\u00e1pida:<\/strong><br \/>\n<em>\u201cLa transici\u00f3n fue muy corta\u2026 fue lo que necesit\u00e1bamos.\u201d<\/em><\/li>\n<li><strong>Curva de aprendizaje intuitiva:<\/strong><br \/>\n<em>\u201cLa herramienta es d\u00f3cil, f\u00e1cil de manejar.\u201d<\/em><\/li>\n<li><strong>Capacitaci\u00f3n fluida:<\/strong><br \/>\nNo hubo resistencia del equipo ni consultas excesivas.<br \/>\n<em>\u201cCuando el usuario final no te eleva consultas, quiere decir que la herramienta es \u00fatil.\u201d<\/em><\/li>\n<li><strong>Primer uso cr\u00edtico: <\/strong><br \/>\nreporter\u00eda, seguimiento de tareas y control de horas.<\/li>\n<\/ul>\n<p>El estudio comenz\u00f3 directamente con los m\u00f3dulos m\u00e1s relevantes para su operaci\u00f3n:<\/p>\n<ul>\n<li><a href=\"https:\/\/plan-in.net\/ar\/producto\/panel-de-operaciones\/\">Panel de operaciones<\/a><\/li>\n<li><a href=\"https:\/\/plan-in.net\/ar\/producto\/reportes-y-analisis\/\">Reporter\u00eda consolidada<\/a><\/li>\n<li>Controles diarios\/semanales<\/li>\n<li>Trazabilidad de tareas y tiempos<\/li>\n<li>Comunicaci\u00f3n con clientes<\/li>\n<\/ul>\n<p>Alan resume la experiencia as\u00ed: \u201cNo lo cambiar\u00eda. No volver\u00eda atr\u00e1s nunca m\u00e1s.\u201d<\/p>\n<h2>Qu\u00e9 logr\u00f3 este estudio al implementar Plan In<\/h2>\n<p>Este caso demuestra c\u00f3mo la <strong>gesti\u00f3n del tiempo en estudios contables<\/strong> puede transformar por completo la operaci\u00f3n de un estudio. Los beneficios que obtuvieron son contundentes.<\/p>\n<h3>1. La herramienta que \u201chace tiempo\u201d: productividad real<\/h3>\n<p>Plan In permiti\u00f3:<\/p>\n<ul>\n<li>Reducir horas perdidas en seguimiento manual.<\/li>\n<li>Organizar prioridades sin reuniones eternas.<\/li>\n<li>Visualizar en segundos el estado de cada cliente y cada recurso.<\/li>\n<li>Liberar tiempo para auditor\u00edas y servicios de mayor valor.<\/li>\n<\/ul>\n<p><img fetchpriority=\"high\" decoding=\"async\" class=\"size-medium wp-image-4820 alignleft\" src=\"https:\/\/plan-in.net\/wp-content\/uploads\/2025\/12\/Alan-Yarde-Buller-300x282.png\" alt=\"Alan Yarde Buller\" width=\"300\" height=\"282\" srcset=\"https:\/\/plan-in.net\/wp-content\/uploads\/2025\/12\/Alan-Yarde-Buller-300x282.png 300w, https:\/\/plan-in.net\/wp-content\/uploads\/2025\/12\/Alan-Yarde-Buller-1024x964.png 1024w, https:\/\/plan-in.net\/wp-content\/uploads\/2025\/12\/Alan-Yarde-Buller-768x723.png 768w, https:\/\/plan-in.net\/wp-content\/uploads\/2025\/12\/Alan-Yarde-Buller-1536x1446.png 1536w, https:\/\/plan-in.net\/wp-content\/uploads\/2025\/12\/Alan-Yarde-Buller-2048x1928.png 2048w, https:\/\/plan-in.net\/wp-content\/uploads\/2025\/12\/Alan-Yarde-Buller-13x12.png 13w\" sizes=\"(max-width: 300px) 100vw, 300px\" \/><\/p>\n<p>&nbsp;<\/p>\n<p>&nbsp;<\/p>\n<p>&nbsp;<\/p>\n<p><em>\u201cEl producto es un hacedor de tiempos. Me agiliz\u00f3 much\u00edsimo los procesos.\u201d<\/em><\/p>\n<p><strong>Alan Yarde Buller<\/strong><\/p>\n<p>&nbsp;<\/p>\n<p>&nbsp;<\/p>\n<p>&nbsp;<\/p>\n<h3>2. Visibilidad total del estudio: datos, no intuici\u00f3n<\/h3>\n<p>Con los reportes diarios, semanales y mensuales, Alan:<\/p>\n<ul>\n<li>Identifica cuellos de botella.<\/li>\n<li>Detecta incumplimientos.<\/li>\n<li>Eval\u00faa carga laboral real vs. estimada.<\/li>\n<\/ul>\n<p>Habla con cada persona con informaci\u00f3n precisa. En este sentido, Alan enfatiza: <em>\u201cHoy puedo ver exactamente en qu\u00e9 cliente hubo retrasos y por qu\u00e9\u201d<\/em>.<\/p>\n<h3>Impacto directo<\/h3>\n<ul>\n<li>decisiones m\u00e1s claras,<\/li>\n<li>menos subjetividad y<\/li>\n<li>conversaciones internas m\u00e1s efectivas.<\/li>\n<\/ul>\n<h3>3. Conversaciones m\u00e1s profesionales con los clientes<\/h3>\n<p>Antes, defender tiempos o explicar demoras era subjetivo. Hoy es objetivo porque <em>\u201cPlan In me dio la herramienta para tener conversaciones claras con el cliente, basadas en datos\u201d<\/em>, detalla Yarde Buller.<\/p>\n<p>Ahora pueden mostrar:<\/p>\n<ul>\n<li>cu\u00e1ndo se envi\u00f3 documentaci\u00f3n,<\/li>\n<li>cu\u00e1ndo el cliente entreg\u00f3 lo que faltaba,<\/li>\n<li>qu\u00e9 retrasos fueron externos al estudio,<\/li>\n<li>qu\u00e9 tiempos se respetaron y mucho m\u00e1s.<\/li>\n<\/ul>\n<p>Esto les permite proteger la estructura y educar al cliente desde un lugar profesional.<\/p>\n<h3>4. Comunicaci\u00f3n m\u00e1s \u00e1gil y sin fricciones<\/h3>\n<p>Alan valora especialmente la facilidad del portal de comunicaciones: <em>\u201ces un sistema usable, eficiente, a prueba de todo\u201d<\/em>.<\/p>\n<p>Algunos de los beneficios relacionados con la comunicaci\u00f3n son:<\/p>\n<ul>\n<li>Mensajes masivos sin errores.<\/li>\n<li>Historial claro y trazado.<\/li>\n<li>Menos consultas repetidas.<\/li>\n<li>M\u00e1s orden en la relaci\u00f3n estudio\u2013cliente.<\/li>\n<\/ul>\n<h3>5. Un estudio m\u00e1s rentable<\/h3>\n<p>Aunque Alan lo menciona indirectamente, el impacto es evidente:<\/p>\n<ul>\n<li>M\u00e1s horas productivas.<\/li>\n<li>Menos tiempo desperdiciado.<\/li>\n<li>Mejor distribuci\u00f3n del trabajo.<\/li>\n<li>Mayor capacidad de an\u00e1lisis.<\/li>\n<li>M\u00e1s servicios de mayor valor (auditor\u00edas).<\/li>\n<\/ul>\n<p>Todo esto deriva en un estudio m\u00e1s rentable y m\u00e1s ordenado.<\/p>\n<h2>Una herramienta que potencia el rol del contador<\/h2>\n<p>Para Alan, Plan In no solo optimiza la operaci\u00f3n: potencia la profesi\u00f3n.<\/p>\n<p>Y as\u00ed lo explica: <em>\u201cme liber\u00f3 tiempo, y eso es fundamental. Habla de la eficiencia de la herramienta\u201d<\/em>.<\/p>\n<p>Hoy, Yarde Buller, Canto &amp; Asociados trabaja con:<\/p>\n<ul>\n<li>datos reales,<\/li>\n<li>control absoluto del tiempo,<\/li>\n<li>mejor comunicaci\u00f3n,<\/li>\n<li>decisiones claras,<\/li>\n<li>un equipo m\u00e1s productivo, etc.<\/li>\n<\/ul>\n<p>\u00bfQuieres lograr los mismos resultados en tu estudio?<\/p>\n<p><a href=\"#demo\">Solicita una demo gratuita<\/a> y descubre c\u00f3mo optimizar la gesti\u00f3n del tiempo con Plan In.<\/p>\n","protected":false},"excerpt":{"rendered":"<p>Gesti\u00f3n del tiempo en estudios contables: Yarde Buller logr\u00f3 m\u00e1s control, trazabilidad y eficiencia operativa gracias a la implementaci\u00f3n de Plan In.<\/p>\n","protected":false},"author":3,"featured_media":4821,"comment_status":"closed","ping_status":"closed","sticky":false,"template":"","format":"standard","meta":{"_acf_changed":false,"footnotes":""},"categories":[38],"tags":[],"class_list":["post-4819","post","type-post","status-publish","format-standard","has-post-thumbnail","hentry","category-casos-de-exito"],"acf":[],"yoast_head":"<!-- This site is optimized with the Yoast SEO plugin v27.3 - https:\/\/yoast.com\/product\/yoast-seo-wordpress\/ -->\n<title>Gesti\u00f3n del tiempo en estudios contables: caso Yarde Buller<\/title>\n<meta name=\"description\" content=\"Gesti\u00f3n del tiempo en estudios contables: Yarde Buller logr\u00f3 m\u00e1s control, trazabilidad y eficiencia operativa gracias a la implementaci\u00f3n de Plan In.\" \/>\n<meta name=\"robots\" content=\"index, follow, max-snippet:-1, max-image-preview:large, max-video-preview:-1\" \/>\n<link rel=\"canonical\" href=\"https:\/\/plan-in.net\/ar\/casos-de-exito\/yarde-buller-canto-asociados-2\/\" \/>\n<meta property=\"og:locale\" content=\"es_ES\" \/>\n<meta property=\"og:type\" content=\"article\" \/>\n<meta property=\"og:title\" content=\"Gesti\u00f3n del tiempo en estudios contables: caso Yarde Buller\" \/>\n<meta property=\"og:description\" content=\"Gesti\u00f3n del tiempo en estudios contables: Yarde Buller logr\u00f3 m\u00e1s control, trazabilidad y eficiencia operativa gracias a la implementaci\u00f3n de Plan In.\" \/>\n<meta property=\"og:url\" content=\"https:\/\/plan-in.net\/ar\/casos-de-exito\/yarde-buller-canto-asociados-2\/\" \/>\n<meta property=\"og:site_name\" content=\"Plan In\" \/>\n<meta property=\"article:publisher\" content=\"https:\/\/www.facebook.com\/planintool\" \/>\n<meta property=\"article:published_time\" content=\"2025-11-11T11:23:02+00:00\" \/>\n<meta property=\"article:modified_time\" content=\"2025-12-04T19:16:00+00:00\" \/>\n<meta property=\"og:image\" content=\"https:\/\/plan-in.net\/wp-content\/uploads\/2025\/12\/gestion-del-tiempo-en-estudios-contables-e1764850838611.png\" \/>\n\t<meta property=\"og:image:width\" content=\"1620\" \/>\n\t<meta property=\"og:image:height\" content=\"675\" \/>\n\t<meta property=\"og:image:type\" content=\"image\/png\" \/>\n<meta name=\"author\" content=\"Andrea Garcia\" \/>\n<meta name=\"twitter:card\" content=\"summary_large_image\" \/>\n<meta name=\"twitter:label1\" content=\"Escrito por\" \/>\n\t<meta name=\"twitter:data1\" content=\"Andrea Garcia\" \/>\n\t<meta name=\"twitter:label2\" content=\"Tiempo de lectura\" \/>\n\t<meta name=\"twitter:data2\" content=\"5 minutos\" \/>\n<script type=\"application\/ld+json\" class=\"yoast-schema-graph\">{\"@context\":\"https:\\\/\\\/schema.org\",\"@graph\":[{\"@type\":\"Article\",\"@id\":\"https:\\\/\\\/plan-in.net\\\/casos-de-exito\\\/yarde-buller-canto-asociados-2\\\/#article\",\"isPartOf\":{\"@id\":\"https:\\\/\\\/plan-in.net\\\/casos-de-exito\\\/yarde-buller-canto-asociados-2\\\/\"},\"author\":{\"name\":\"Andrea Garcia\",\"@id\":\"https:\\\/\\\/plan-in.net\\\/ar\\\/#\\\/schema\\\/person\\\/2522c76f7341aa1453c365a4345159f9\"},\"headline\":\"Yarde Buller, Canto &#038; Asociados: c\u00f3mo transformaron su gesti\u00f3n del tiempo con Plan In\",\"datePublished\":\"2025-11-11T11:23:02+00:00\",\"dateModified\":\"2025-12-04T19:16:00+00:00\",\"mainEntityOfPage\":{\"@id\":\"https:\\\/\\\/plan-in.net\\\/casos-de-exito\\\/yarde-buller-canto-asociados-2\\\/\"},\"wordCount\":963,\"publisher\":{\"@id\":\"https:\\\/\\\/plan-in.net\\\/ar\\\/#organization\"},\"image\":{\"@id\":\"https:\\\/\\\/plan-in.net\\\/casos-de-exito\\\/yarde-buller-canto-asociados-2\\\/#primaryimage\"},\"thumbnailUrl\":\"https:\\\/\\\/plan-in.net\\\/wp-content\\\/uploads\\\/2025\\\/12\\\/gestion-del-tiempo-en-estudios-contables-e1764850838611.png\",\"articleSection\":[\"Casos de \u00e9xito\"],\"inLanguage\":\"es-AR\"},{\"@type\":\"WebPage\",\"@id\":\"https:\\\/\\\/plan-in.net\\\/casos-de-exito\\\/yarde-buller-canto-asociados-2\\\/\",\"url\":\"https:\\\/\\\/plan-in.net\\\/casos-de-exito\\\/yarde-buller-canto-asociados-2\\\/\",\"name\":\"Gesti\u00f3n del tiempo en estudios contables: caso Yarde Buller\",\"isPartOf\":{\"@id\":\"https:\\\/\\\/plan-in.net\\\/ar\\\/#website\"},\"primaryImageOfPage\":{\"@id\":\"https:\\\/\\\/plan-in.net\\\/casos-de-exito\\\/yarde-buller-canto-asociados-2\\\/#primaryimage\"},\"image\":{\"@id\":\"https:\\\/\\\/plan-in.net\\\/casos-de-exito\\\/yarde-buller-canto-asociados-2\\\/#primaryimage\"},\"thumbnailUrl\":\"https:\\\/\\\/plan-in.net\\\/wp-content\\\/uploads\\\/2025\\\/12\\\/gestion-del-tiempo-en-estudios-contables-e1764850838611.png\",\"datePublished\":\"2025-11-11T11:23:02+00:00\",\"dateModified\":\"2025-12-04T19:16:00+00:00\",\"description\":\"Gesti\u00f3n del tiempo en estudios contables: Yarde Buller logr\u00f3 m\u00e1s control, trazabilidad y eficiencia operativa gracias a la implementaci\u00f3n de Plan In.\",\"breadcrumb\":{\"@id\":\"https:\\\/\\\/plan-in.net\\\/casos-de-exito\\\/yarde-buller-canto-asociados-2\\\/#breadcrumb\"},\"inLanguage\":\"es-AR\",\"potentialAction\":[{\"@type\":\"ReadAction\",\"target\":[\"https:\\\/\\\/plan-in.net\\\/casos-de-exito\\\/yarde-buller-canto-asociados-2\\\/\"]}]},{\"@type\":\"ImageObject\",\"inLanguage\":\"es-AR\",\"@id\":\"https:\\\/\\\/plan-in.net\\\/casos-de-exito\\\/yarde-buller-canto-asociados-2\\\/#primaryimage\",\"url\":\"https:\\\/\\\/plan-in.net\\\/wp-content\\\/uploads\\\/2025\\\/12\\\/gestion-del-tiempo-en-estudios-contables-e1764850838611.png\",\"contentUrl\":\"https:\\\/\\\/plan-in.net\\\/wp-content\\\/uploads\\\/2025\\\/12\\\/gestion-del-tiempo-en-estudios-contables-e1764850838611.png\",\"width\":1620,\"height\":675,\"caption\":\"gesti\u00f3n del tiempo en estudios contables, Yarde Buller, Canto & Asociados.\"},{\"@type\":\"BreadcrumbList\",\"@id\":\"https:\\\/\\\/plan-in.net\\\/casos-de-exito\\\/yarde-buller-canto-asociados-2\\\/#breadcrumb\",\"itemListElement\":[{\"@type\":\"ListItem\",\"position\":1,\"name\":\"Inicio\",\"item\":\"https:\\\/\\\/plan-in.net\\\/ar\\\/\"},{\"@type\":\"ListItem\",\"position\":2,\"name\":\"Yarde Buller, Canto &#038; Asociados: c\u00f3mo transformaron su gesti\u00f3n del tiempo con Plan In\"}]},{\"@type\":\"WebSite\",\"@id\":\"https:\\\/\\\/plan-in.net\\\/ar\\\/#website\",\"url\":\"https:\\\/\\\/plan-in.net\\\/ar\\\/\",\"name\":\"Plan In\",\"description\":\"\",\"publisher\":{\"@id\":\"https:\\\/\\\/plan-in.net\\\/ar\\\/#organization\"},\"potentialAction\":[{\"@type\":\"SearchAction\",\"target\":{\"@type\":\"EntryPoint\",\"urlTemplate\":\"https:\\\/\\\/plan-in.net\\\/ar\\\/?s={search_term_string}\"},\"query-input\":{\"@type\":\"PropertyValueSpecification\",\"valueRequired\":true,\"valueName\":\"search_term_string\"}}],\"inLanguage\":\"es-AR\"},{\"@type\":\"Organization\",\"@id\":\"https:\\\/\\\/plan-in.net\\\/ar\\\/#organization\",\"name\":\"Plan In\",\"alternateName\":\"Plan In - Software para contadores\",\"url\":\"https:\\\/\\\/plan-in.net\\\/ar\\\/\",\"logo\":{\"@type\":\"ImageObject\",\"inLanguage\":\"es-AR\",\"@id\":\"https:\\\/\\\/plan-in.net\\\/ar\\\/#\\\/schema\\\/logo\\\/image\\\/\",\"url\":\"https:\\\/\\\/plan-in.net\\\/wp-content\\\/uploads\\\/2025\\\/02\\\/logo_alternativo.svg\",\"contentUrl\":\"https:\\\/\\\/plan-in.net\\\/wp-content\\\/uploads\\\/2025\\\/02\\\/logo_alternativo.svg\",\"width\":69,\"height\":26,\"caption\":\"Plan In\"},\"image\":{\"@id\":\"https:\\\/\\\/plan-in.net\\\/ar\\\/#\\\/schema\\\/logo\\\/image\\\/\"},\"sameAs\":[\"https:\\\/\\\/www.facebook.com\\\/planintool\",\"https:\\\/\\\/www.instagram.com\\\/plan_in_contadores\\\/?hl=es-la\",\"https:\\\/\\\/www.linkedin.com\\\/company\\\/plan-innet\\\/\"]},{\"@type\":\"Person\",\"@id\":\"https:\\\/\\\/plan-in.net\\\/ar\\\/#\\\/schema\\\/person\\\/2522c76f7341aa1453c365a4345159f9\",\"name\":\"Andrea Garcia\",\"sameAs\":[\"https:\\\/\\\/plan-in.net\\\/\"],\"url\":\"https:\\\/\\\/plan-in.net\\\/ar\\\/author\\\/andrea-garcia\\\/\"}]}<\/script>\n<!-- \/ Yoast SEO plugin. -->","yoast_head_json":{"title":"Gesti\u00f3n del tiempo en estudios contables: caso Yarde Buller","description":"Gesti\u00f3n del tiempo en estudios contables: Yarde Buller logr\u00f3 m\u00e1s control, trazabilidad y eficiencia operativa gracias a la implementaci\u00f3n de Plan In.","robots":{"index":"index","follow":"follow","max-snippet":"max-snippet:-1","max-image-preview":"max-image-preview:large","max-video-preview":"max-video-preview:-1"},"canonical":"https:\/\/plan-in.net\/ar\/casos-de-exito\/yarde-buller-canto-asociados-2\/","og_locale":"es_ES","og_type":"article","og_title":"Gesti\u00f3n del tiempo en estudios contables: caso Yarde Buller","og_description":"Gesti\u00f3n del tiempo en estudios contables: Yarde Buller logr\u00f3 m\u00e1s control, trazabilidad y eficiencia operativa gracias a la implementaci\u00f3n de Plan In.","og_url":"https:\/\/plan-in.net\/ar\/casos-de-exito\/yarde-buller-canto-asociados-2\/","og_site_name":"Plan In","article_publisher":"https:\/\/www.facebook.com\/planintool","article_published_time":"2025-11-11T11:23:02+00:00","article_modified_time":"2025-12-04T19:16:00+00:00","og_image":[{"width":1620,"height":675,"url":"https:\/\/plan-in.net\/wp-content\/uploads\/2025\/12\/gestion-del-tiempo-en-estudios-contables-e1764850838611.png","type":"image\/png"}],"author":"Andrea Garcia","twitter_card":"summary_large_image","twitter_misc":{"Escrito por":"Andrea Garcia","Tiempo de lectura":"5 minutos"},"schema":{"@context":"https:\/\/schema.org","@graph":[{"@type":"Article","@id":"https:\/\/plan-in.net\/casos-de-exito\/yarde-buller-canto-asociados-2\/#article","isPartOf":{"@id":"https:\/\/plan-in.net\/casos-de-exito\/yarde-buller-canto-asociados-2\/"},"author":{"name":"Andrea Garcia","@id":"https:\/\/plan-in.net\/ar\/#\/schema\/person\/2522c76f7341aa1453c365a4345159f9"},"headline":"Yarde Buller, Canto &#038; Asociados: c\u00f3mo transformaron su gesti\u00f3n del tiempo con Plan In","datePublished":"2025-11-11T11:23:02+00:00","dateModified":"2025-12-04T19:16:00+00:00","mainEntityOfPage":{"@id":"https:\/\/plan-in.net\/casos-de-exito\/yarde-buller-canto-asociados-2\/"},"wordCount":963,"publisher":{"@id":"https:\/\/plan-in.net\/ar\/#organization"},"image":{"@id":"https:\/\/plan-in.net\/casos-de-exito\/yarde-buller-canto-asociados-2\/#primaryimage"},"thumbnailUrl":"https:\/\/plan-in.net\/wp-content\/uploads\/2025\/12\/gestion-del-tiempo-en-estudios-contables-e1764850838611.png","articleSection":["Casos de \u00e9xito"],"inLanguage":"es-AR"},{"@type":"WebPage","@id":"https:\/\/plan-in.net\/casos-de-exito\/yarde-buller-canto-asociados-2\/","url":"https:\/\/plan-in.net\/casos-de-exito\/yarde-buller-canto-asociados-2\/","name":"Gesti\u00f3n del tiempo en estudios contables: caso Yarde Buller","isPartOf":{"@id":"https:\/\/plan-in.net\/ar\/#website"},"primaryImageOfPage":{"@id":"https:\/\/plan-in.net\/casos-de-exito\/yarde-buller-canto-asociados-2\/#primaryimage"},"image":{"@id":"https:\/\/plan-in.net\/casos-de-exito\/yarde-buller-canto-asociados-2\/#primaryimage"},"thumbnailUrl":"https:\/\/plan-in.net\/wp-content\/uploads\/2025\/12\/gestion-del-tiempo-en-estudios-contables-e1764850838611.png","datePublished":"2025-11-11T11:23:02+00:00","dateModified":"2025-12-04T19:16:00+00:00","description":"Gesti\u00f3n del tiempo en estudios contables: Yarde Buller logr\u00f3 m\u00e1s control, trazabilidad y eficiencia operativa gracias a la implementaci\u00f3n de Plan In.","breadcrumb":{"@id":"https:\/\/plan-in.net\/casos-de-exito\/yarde-buller-canto-asociados-2\/#breadcrumb"},"inLanguage":"es-AR","potentialAction":[{"@type":"ReadAction","target":["https:\/\/plan-in.net\/casos-de-exito\/yarde-buller-canto-asociados-2\/"]}]},{"@type":"ImageObject","inLanguage":"es-AR","@id":"https:\/\/plan-in.net\/casos-de-exito\/yarde-buller-canto-asociados-2\/#primaryimage","url":"https:\/\/plan-in.net\/wp-content\/uploads\/2025\/12\/gestion-del-tiempo-en-estudios-contables-e1764850838611.png","contentUrl":"https:\/\/plan-in.net\/wp-content\/uploads\/2025\/12\/gestion-del-tiempo-en-estudios-contables-e1764850838611.png","width":1620,"height":675,"caption":"gesti\u00f3n del tiempo en estudios contables, Yarde Buller, Canto & Asociados."},{"@type":"BreadcrumbList","@id":"https:\/\/plan-in.net\/casos-de-exito\/yarde-buller-canto-asociados-2\/#breadcrumb","itemListElement":[{"@type":"ListItem","position":1,"name":"Inicio","item":"https:\/\/plan-in.net\/ar\/"},{"@type":"ListItem","position":2,"name":"Yarde Buller, Canto &#038; Asociados: c\u00f3mo transformaron su gesti\u00f3n del tiempo con Plan In"}]},{"@type":"WebSite","@id":"https:\/\/plan-in.net\/ar\/#website","url":"https:\/\/plan-in.net\/ar\/","name":"Plan In","description":"","publisher":{"@id":"https:\/\/plan-in.net\/ar\/#organization"},"potentialAction":[{"@type":"SearchAction","target":{"@type":"EntryPoint","urlTemplate":"https:\/\/plan-in.net\/ar\/?s={search_term_string}"},"query-input":{"@type":"PropertyValueSpecification","valueRequired":true,"valueName":"search_term_string"}}],"inLanguage":"es-AR"},{"@type":"Organization","@id":"https:\/\/plan-in.net\/ar\/#organization","name":"Plan In","alternateName":"Plan In - Software para contadores","url":"https:\/\/plan-in.net\/ar\/","logo":{"@type":"ImageObject","inLanguage":"es-AR","@id":"https:\/\/plan-in.net\/ar\/#\/schema\/logo\/image\/","url":"https:\/\/plan-in.net\/wp-content\/uploads\/2025\/02\/logo_alternativo.svg","contentUrl":"https:\/\/plan-in.net\/wp-content\/uploads\/2025\/02\/logo_alternativo.svg","width":69,"height":26,"caption":"Plan In"},"image":{"@id":"https:\/\/plan-in.net\/ar\/#\/schema\/logo\/image\/"},"sameAs":["https:\/\/www.facebook.com\/planintool","https:\/\/www.instagram.com\/plan_in_contadores\/?hl=es-la","https:\/\/www.linkedin.com\/company\/plan-innet\/"]},{"@type":"Person","@id":"https:\/\/plan-in.net\/ar\/#\/schema\/person\/2522c76f7341aa1453c365a4345159f9","name":"Andrea Garcia","sameAs":["https:\/\/plan-in.net\/"],"url":"https:\/\/plan-in.net\/ar\/author\/andrea-garcia\/"}]}},"_links":{"self":[{"href":"https:\/\/plan-in.net\/ar\/wp-json\/wp\/v2\/posts\/4819","targetHints":{"allow":["GET"]}}],"collection":[{"href":"https:\/\/plan-in.net\/ar\/wp-json\/wp\/v2\/posts"}],"about":[{"href":"https:\/\/plan-in.net\/ar\/wp-json\/wp\/v2\/types\/post"}],"author":[{"embeddable":true,"href":"https:\/\/plan-in.net\/ar\/wp-json\/wp\/v2\/users\/3"}],"replies":[{"embeddable":true,"href":"https:\/\/plan-in.net\/ar\/wp-json\/wp\/v2\/comments?post=4819"}],"version-history":[{"count":2,"href":"https:\/\/plan-in.net\/ar\/wp-json\/wp\/v2\/posts\/4819\/revisions"}],"predecessor-version":[{"id":4823,"href":"https:\/\/plan-in.net\/ar\/wp-json\/wp\/v2\/posts\/4819\/revisions\/4823"}],"wp:featuredmedia":[{"embeddable":true,"href":"https:\/\/plan-in.net\/ar\/wp-json\/wp\/v2\/media\/4821"}],"wp:attachment":[{"href":"https:\/\/plan-in.net\/ar\/wp-json\/wp\/v2\/media?parent=4819"}],"wp:term":[{"taxonomy":"category","embeddable":true,"href":"https:\/\/plan-in.net\/ar\/wp-json\/wp\/v2\/categories?post=4819"},{"taxonomy":"post_tag","embeddable":true,"href":"https:\/\/plan-in.net\/ar\/wp-json\/wp\/v2\/tags?post=4819"}],"curies":[{"name":"wp","href":"https:\/\/api.w.org\/{rel}","templated":true}]}}