{"id":2043,"date":"2023-01-07T03:00:00","date_gmt":"2023-01-07T06:00:00","guid":{"rendered":"https:\/\/sd-1501408-h00027.ferozo.net\/que-es-la-productividad-personal-y-como-afecta-en-los-resultados-del-equipo\/"},"modified":"2025-09-17T16:47:51","modified_gmt":"2025-09-17T19:47:51","slug":"productividad-personal","status":"publish","type":"post","link":"https:\/\/plan-in.net\/mx\/gestion-del-estudio-contable\/productividad-personal\/","title":{"rendered":"\u00bfQu\u00e9 es la productividad personal y c\u00f3mo afecta en los resultados del equipo?"},"content":{"rendered":"<p>\u00bfQu\u00e9 es la <strong>productividad personal<\/strong>? C\u00f3mo cada colaborador puede impulsarla y de qu\u00e9 forma esto afecta al equipo. Aqu\u00ed todas las respuestas.<\/p>\n<p>La <strong>productividad personal<\/strong> es la capacidad de una persona para hacer m\u00e1s en menos tiempo, de manera efectiva y eficiente. A trav\u00e9s de la utilizaci\u00f3n de su tiempo, talento, habilidades, energ\u00eda y recursos para lograr objetivos y metas personales o laborales.<\/p>\n<p>En este blog definimos que es la <strong>productividad personal<\/strong> y abordamos un m\u00e9todo que permite a cada persona aprovechar el mayor potencial productivo. Por otra parte, te contamos c\u00f3mo la implementaci\u00f3n de la tecnolog\u00eda dispara la productividad personal y potencia la din\u00e1mica del equipo de trabajo.<\/p>\n<h2>\u00bfQu\u00e9 es la productividad personal?<\/h2>\n<p>La <strong>productividad personal<\/strong> es la capacidad de una persona para hacer m\u00e1s en menos tiempo, de manera efectiva y eficiente. A trav\u00e9s de la utilizaci\u00f3n de su tiempo, talento, habilidades, energ\u00eda y recursos para lograr objetivos y metas personales o laborales.<\/p>\n<p>Este aspecto puede mejorar a trav\u00e9s del uso de t\u00e9cnicas y herramientas que ayuden a gestionar el tiempo y a enfocarse en las tareas m\u00e1s importantes, as\u00ed como a eliminar distracciones para aumentar su eficiencia.<\/p>\n<h2>3 pilares de la productividad personal<\/h2>\n<p>La productividad personal debe necesariamente apoyarse en 3 pilares que son:<\/p>\n<ul>\n<li>Tiempo<\/li>\n<li>Energ\u00eda<\/li>\n<li>Atenci\u00f3n<\/li>\n<\/ul>\n<p>El equipo de Asian Efficiency, cre\u00f3 el m\u00e9todo TEA que representa las siglas de Tiempo, Energ\u00eda y Atenci\u00f3n. Esta herramienta fue creada a partir de la experiencia de 13 mil personas con las m\u00e1s diversas ocupaciones, desde jefes de familia hasta emprendedores independientes o ejecutivos de los m\u00e1s altos cargos. Quienes, para aprovechar su mayor potencial de <strong>productividad personal<\/strong>, distribu\u00edan las tareas en el d\u00eda a d\u00eda de acuerdo a los niveles de atenci\u00f3n y energ\u00eda. De este modo lograban un orden en el uso del tiempo e impulsaban su <a href=\"https:\/\/plan-in.net\/mx\/gestion-del-estudio-contable\/productividad-en-despachos-contables\/\">productividad<\/a>.<\/p>\n<p>Desde este blog especializado en productividad se plantean tres escenarios posibles.<\/p>\n<h3>1. Tiene energ\u00eda y atenci\u00f3n, pero no tiempo<\/h3>\n<p>Cuando esto sucede la persona se siente agobiada y estancada. Para superar este estado es posible desarrollar ciertas acciones para generar ese tiempo inexistente:<\/p>\n<ul>\n<li>Bloquear un tiempo determinado para concretar un proyecto.<\/li>\n<li>Delegar tareas para generar el tiempo necesario<\/li>\n<li>Apoyarse en herramientas o tecnolog\u00edas que liberen esas horas productivas.<\/li>\n<\/ul>\n<h3>2. Tiene tiempo y atenci\u00f3n, pero sin energ\u00eda<\/h3>\n<p>Si la persona se siente exhausta, es posible que tenga el tiempo y la atenci\u00f3n, pero no podr\u00e1 tener la iniciativa para dar el paso adelante. Esta combinaci\u00f3n lleva a que la persona se sienta frustrada y procrastine a la hora de hacer ciertas tareas, bajando su <strong>productividad personal<\/strong>.<\/p>\n<p>Algunas de las estrategias que puede emplear es cuidar el descanso o realizar actividades que generen una sensaci\u00f3n de bienestar, como puede ser el ejercicio f\u00edsico.<\/p>\n<h3>3. Tiene tiempo y energ\u00eda, pero sin atenci\u00f3n<\/h3>\n<p>Esta combinaci\u00f3n lleva a la persona a distraerse con facilidad, llegando al final del d\u00eda pregunt\u00e1ndose \u201c\u00bfEn qu\u00e9 se fue mi tiempo?\u201d.<\/p>\n<p>El tal\u00f3n de Aquiles de este escenario son las distracciones, que pueden darse por la interrupci\u00f3n del entorno digital o f\u00edsico. Para lograr superar este obst\u00e1culo, se puede silenciar notificaciones o crear un espacio de trabajo arm\u00f3nico.<\/p>\n<h2>C\u00f3mo ayuda la tecnolog\u00eda a la productividad personal y los resultados del equipo<\/h2>\n<p>La gesti\u00f3n del tiempo es un gran desaf\u00edo cuando lo abordamos desde la <strong>productividad personal<\/strong>, pero m\u00e1s lo es cuando necesitamos administrarlo en consonancia con un equipo.<\/p>\n<p>Por ello, trabajar de manera eficiente en equipo trae desaf\u00edos, como pueden ser la comunicaci\u00f3n, la delegaci\u00f3n y la coordinaci\u00f3n de las tareas. En este punto, la tecnolog\u00eda aparece como una herramienta de incre\u00edble impacto positivo en la productividad personal y del equipo.<\/p>\n<p>Por ejemplo, para la actividad contable, una herramienta como Plan In permite implementar varias estrategias que ayudan a equilibrar los 3 pilares de la <strong>productividad personal<\/strong>.<\/p>\n<ul>\n<li><strong>Contribuye a que los colaboradores puedan trabajar en sus horas productivas:<\/strong> Gracias a que hace posible la implementaci\u00f3n de modalidades de trabajo flexible, ayuda a que los colaboradores puedan trabajar en sus horas m\u00e1s productivas desde donde lo deseen.<\/li>\n<li><strong>La automatizaci\u00f3n contribuye a liberar tiempo:<\/strong> Para obtener m\u00e1s tiempo, la plataforma libera a los colaboradores de <a href=\"https:\/\/www.linkedin.com\/posts\/plan-innet_plan-in-activity-7008886450393886720-BPuj?utm_source=share&amp;utm_medium=member_desktop\">tareas operativas<\/a> y repetitivas, para que puedan dedicarlo a labores m\u00e1s relevantes tanto a nivel laboral como personal.<\/li>\n<li><strong>El uso de los reportes permite realizar mejoras en la gesti\u00f3n:<\/strong> Saber con detalle cu\u00e1nto lleva una tarea contribuye a realizar una asignaci\u00f3n de acuerdo a las habilidades y conocimiento de cada persona. En consecuencia, es factible hacer ajustes que permitan optimizar la gesti\u00f3n del equipo como un todo.<\/li>\n<li><strong>La estandarizaci\u00f3n de procesos permite perfeccionar el sistema:<\/strong> Uno de los componentes del pilar Tiempo son los sistemas que est\u00e1n integrados por un conjunto de procesos. Con un <a href=\"https:\/\/plan-in.net\/mx\/gestion-del-estudio-contable\/software-contable-como-elegirlo-2\/\">project management<\/a> como Plan In se estandarizan los procesos pudiendo optimizar el uso del tiempo, logrando una mayor <strong>productividad personal<\/strong>.<\/li>\n<\/ul>\n<p>Esto tan solo por nombrar algunos aportes de la tecnolog\u00eda a la <strong>productividad personal<\/strong>.<\/p>\n<h2>En conclusi\u00f3n<\/h2>\n<p>Las herramientas que, como Plan In, est\u00e1n centradas en eficientizar las tareas de los usuarios permiten optimizar el uso del tiempo, poniendo foco en las acciones m\u00e1s productivas. Eso no solo ayudar\u00e1 a tu negocio a aprovechar todo su potencial, sino que permitir\u00e1 que tus colaboradores realmente disfruten de trabajar en tu equipo.<\/p>\n<p>\u00bfTe gustar\u00eda ayudar a tus colaboradores a obtener su mayor potencial productivo? Tenemos la herramienta que lo har\u00e1 posible. Ponte en contacto y <a href=\"#demo\">solicita tu demo gratuita y personalizada<\/a>.<\/p>","protected":false},"excerpt":{"rendered":"<p>\u00bfQu\u00e9 es la productividad personal? C\u00f3mo cada colaborador puede impulsarla y de qu\u00e9 forma esto afecta al equipo. Aqu\u00ed todas las respuestas.<\/p>","protected":false},"author":3,"featured_media":3989,"comment_status":"closed","ping_status":"closed","sticky":false,"template":"","format":"standard","meta":{"_acf_changed":false,"footnotes":""},"categories":[11],"tags":[],"class_list":["post-2043","post","type-post","status-publish","format-standard","has-post-thumbnail","hentry","category-gestion-del-estudio-contable"],"acf":[],"yoast_head":"<!-- This site is optimized with the Yoast SEO plugin v27.3 - https:\/\/yoast.com\/product\/yoast-seo-wordpress\/ -->\n<title>Productividad personal, c\u00f3mo afecta en los resultados del equipo<\/title>\n<meta name=\"description\" content=\"\u00bfQu\u00e9 es la productividad personal? C\u00f3mo cada colaborador puede impulsarla y de qu\u00e9 forma esto afecta al equipo. Aqu\u00ed todas las respuestas.\" \/>\n<meta name=\"robots\" content=\"index, follow, max-snippet:-1, max-image-preview:large, max-video-preview:-1\" \/>\n<link rel=\"canonical\" href=\"https:\/\/plan-in.net\/mx\/gestion-del-estudio-contable\/productividad-personal\/\" \/>\n<meta property=\"og:locale\" content=\"es_MX\" \/>\n<meta property=\"og:type\" content=\"article\" \/>\n<meta property=\"og:title\" content=\"Productividad personal, c\u00f3mo afecta en los resultados del equipo\" \/>\n<meta property=\"og:description\" content=\"\u00bfQu\u00e9 es la productividad personal? C\u00f3mo cada colaborador puede impulsarla y de qu\u00e9 forma esto afecta al equipo. Aqu\u00ed todas las respuestas.\" \/>\n<meta property=\"og:url\" content=\"https:\/\/plan-in.net\/mx\/gestion-del-estudio-contable\/productividad-personal\/\" \/>\n<meta property=\"og:site_name\" content=\"Plan In\" \/>\n<meta property=\"article:publisher\" content=\"https:\/\/www.facebook.com\/planintool\" \/>\n<meta property=\"article:published_time\" content=\"2023-01-07T06:00:00+00:00\" \/>\n<meta property=\"article:modified_time\" content=\"2025-09-17T19:47:51+00:00\" \/>\n<meta property=\"og:image\" content=\"https:\/\/plan-in.net\/wp-content\/uploads\/2023\/01\/productividad-personal-scaled.jpg\" \/>\n\t<meta property=\"og:image:width\" content=\"2560\" \/>\n\t<meta property=\"og:image:height\" content=\"1708\" \/>\n\t<meta property=\"og:image:type\" content=\"image\/jpeg\" \/>\n<meta name=\"author\" content=\"Andrea Garcia\" \/>\n<meta name=\"twitter:card\" content=\"summary_large_image\" \/>\n<meta name=\"twitter:label1\" content=\"Escrito por\" \/>\n\t<meta name=\"twitter:data1\" content=\"Andrea Garcia\" \/>\n\t<meta name=\"twitter:label2\" content=\"Tiempo de lectura\" \/>\n\t<meta name=\"twitter:data2\" content=\"5 minutos\" \/>\n<script type=\"application\/ld+json\" class=\"yoast-schema-graph\">{\"@context\":\"https:\\\/\\\/schema.org\",\"@graph\":[{\"@type\":\"Article\",\"@id\":\"https:\\\/\\\/plan-in.net\\\/gestion-del-estudio-contable\\\/productividad-personal\\\/#article\",\"isPartOf\":{\"@id\":\"https:\\\/\\\/plan-in.net\\\/gestion-del-estudio-contable\\\/productividad-personal\\\/\"},\"author\":{\"name\":\"Andrea Garcia\",\"@id\":\"https:\\\/\\\/plan-in.net\\\/ar\\\/#\\\/schema\\\/person\\\/2522c76f7341aa1453c365a4345159f9\"},\"headline\":\"\u00bfQu\u00e9 es la productividad personal y c\u00f3mo afecta en los resultados del equipo?\",\"datePublished\":\"2023-01-07T06:00:00+00:00\",\"dateModified\":\"2025-09-17T19:47:51+00:00\",\"mainEntityOfPage\":{\"@id\":\"https:\\\/\\\/plan-in.net\\\/gestion-del-estudio-contable\\\/productividad-personal\\\/\"},\"wordCount\":979,\"publisher\":{\"@id\":\"https:\\\/\\\/plan-in.net\\\/ar\\\/#organization\"},\"image\":{\"@id\":\"https:\\\/\\\/plan-in.net\\\/gestion-del-estudio-contable\\\/productividad-personal\\\/#primaryimage\"},\"thumbnailUrl\":\"https:\\\/\\\/plan-in.net\\\/wp-content\\\/uploads\\\/2023\\\/01\\\/productividad-personal-scaled.jpg\",\"articleSection\":[\"Gesti\u00f3n del Estudio Contable\"],\"inLanguage\":\"es\"},{\"@type\":\"WebPage\",\"@id\":\"https:\\\/\\\/plan-in.net\\\/gestion-del-estudio-contable\\\/productividad-personal\\\/\",\"url\":\"https:\\\/\\\/plan-in.net\\\/gestion-del-estudio-contable\\\/productividad-personal\\\/\",\"name\":\"Productividad personal, c\u00f3mo afecta en los resultados del equipo\",\"isPartOf\":{\"@id\":\"https:\\\/\\\/plan-in.net\\\/ar\\\/#website\"},\"primaryImageOfPage\":{\"@id\":\"https:\\\/\\\/plan-in.net\\\/gestion-del-estudio-contable\\\/productividad-personal\\\/#primaryimage\"},\"image\":{\"@id\":\"https:\\\/\\\/plan-in.net\\\/gestion-del-estudio-contable\\\/productividad-personal\\\/#primaryimage\"},\"thumbnailUrl\":\"https:\\\/\\\/plan-in.net\\\/wp-content\\\/uploads\\\/2023\\\/01\\\/productividad-personal-scaled.jpg\",\"datePublished\":\"2023-01-07T06:00:00+00:00\",\"dateModified\":\"2025-09-17T19:47:51+00:00\",\"description\":\"\u00bfQu\u00e9 es la productividad personal? C\u00f3mo cada colaborador puede impulsarla y de qu\u00e9 forma esto afecta al equipo. Aqu\u00ed todas las respuestas.\",\"breadcrumb\":{\"@id\":\"https:\\\/\\\/plan-in.net\\\/gestion-del-estudio-contable\\\/productividad-personal\\\/#breadcrumb\"},\"inLanguage\":\"es\",\"potentialAction\":[{\"@type\":\"ReadAction\",\"target\":[\"https:\\\/\\\/plan-in.net\\\/gestion-del-estudio-contable\\\/productividad-personal\\\/\"]}]},{\"@type\":\"ImageObject\",\"inLanguage\":\"es\",\"@id\":\"https:\\\/\\\/plan-in.net\\\/gestion-del-estudio-contable\\\/productividad-personal\\\/#primaryimage\",\"url\":\"https:\\\/\\\/plan-in.net\\\/wp-content\\\/uploads\\\/2023\\\/01\\\/productividad-personal-scaled.jpg\",\"contentUrl\":\"https:\\\/\\\/plan-in.net\\\/wp-content\\\/uploads\\\/2023\\\/01\\\/productividad-personal-scaled.jpg\",\"width\":2560,\"height\":1708,\"caption\":\"Equipo de trabajo compartiendo resultados de su productividad personal\"},{\"@type\":\"BreadcrumbList\",\"@id\":\"https:\\\/\\\/plan-in.net\\\/gestion-del-estudio-contable\\\/productividad-personal\\\/#breadcrumb\",\"itemListElement\":[{\"@type\":\"ListItem\",\"position\":1,\"name\":\"Inicio\",\"item\":\"https:\\\/\\\/plan-in.net\\\/ar\\\/\"},{\"@type\":\"ListItem\",\"position\":2,\"name\":\"\u00bfQu\u00e9 es la productividad personal y c\u00f3mo afecta en los resultados del equipo?\"}]},{\"@type\":\"WebSite\",\"@id\":\"https:\\\/\\\/plan-in.net\\\/ar\\\/#website\",\"url\":\"https:\\\/\\\/plan-in.net\\\/ar\\\/\",\"name\":\"Plan In\",\"description\":\"\",\"publisher\":{\"@id\":\"https:\\\/\\\/plan-in.net\\\/ar\\\/#organization\"},\"potentialAction\":[{\"@type\":\"SearchAction\",\"target\":{\"@type\":\"EntryPoint\",\"urlTemplate\":\"https:\\\/\\\/plan-in.net\\\/ar\\\/?s={search_term_string}\"},\"query-input\":{\"@type\":\"PropertyValueSpecification\",\"valueRequired\":true,\"valueName\":\"search_term_string\"}}],\"inLanguage\":\"es\"},{\"@type\":\"Organization\",\"@id\":\"https:\\\/\\\/plan-in.net\\\/ar\\\/#organization\",\"name\":\"Plan In\",\"alternateName\":\"Plan In - Software para contadores\",\"url\":\"https:\\\/\\\/plan-in.net\\\/ar\\\/\",\"logo\":{\"@type\":\"ImageObject\",\"inLanguage\":\"es\",\"@id\":\"https:\\\/\\\/plan-in.net\\\/ar\\\/#\\\/schema\\\/logo\\\/image\\\/\",\"url\":\"https:\\\/\\\/plan-in.net\\\/wp-content\\\/uploads\\\/2025\\\/02\\\/logo_alternativo.svg\",\"contentUrl\":\"https:\\\/\\\/plan-in.net\\\/wp-content\\\/uploads\\\/2025\\\/02\\\/logo_alternativo.svg\",\"width\":69,\"height\":26,\"caption\":\"Plan In\"},\"image\":{\"@id\":\"https:\\\/\\\/plan-in.net\\\/ar\\\/#\\\/schema\\\/logo\\\/image\\\/\"},\"sameAs\":[\"https:\\\/\\\/www.facebook.com\\\/planintool\",\"https:\\\/\\\/www.instagram.com\\\/plan_in_contadores\\\/?hl=es-la\",\"https:\\\/\\\/www.linkedin.com\\\/company\\\/plan-innet\\\/\"]},{\"@type\":\"Person\",\"@id\":\"https:\\\/\\\/plan-in.net\\\/ar\\\/#\\\/schema\\\/person\\\/2522c76f7341aa1453c365a4345159f9\",\"name\":\"Andrea Garcia\",\"sameAs\":[\"https:\\\/\\\/plan-in.net\\\/\"],\"url\":\"https:\\\/\\\/plan-in.net\\\/mx\\\/author\\\/andrea-garcia\\\/\"}]}<\/script>\n<!-- \/ Yoast SEO plugin. -->","yoast_head_json":{"title":"Productividad personal, c\u00f3mo afecta en los resultados del equipo","description":"\u00bfQu\u00e9 es la productividad personal? C\u00f3mo cada colaborador puede impulsarla y de qu\u00e9 forma esto afecta al equipo. Aqu\u00ed todas las respuestas.","robots":{"index":"index","follow":"follow","max-snippet":"max-snippet:-1","max-image-preview":"max-image-preview:large","max-video-preview":"max-video-preview:-1"},"canonical":"https:\/\/plan-in.net\/mx\/gestion-del-estudio-contable\/productividad-personal\/","og_locale":"es_MX","og_type":"article","og_title":"Productividad personal, c\u00f3mo afecta en los resultados del equipo","og_description":"\u00bfQu\u00e9 es la productividad personal? C\u00f3mo cada colaborador puede impulsarla y de qu\u00e9 forma esto afecta al equipo. Aqu\u00ed todas las respuestas.","og_url":"https:\/\/plan-in.net\/mx\/gestion-del-estudio-contable\/productividad-personal\/","og_site_name":"Plan In","article_publisher":"https:\/\/www.facebook.com\/planintool","article_published_time":"2023-01-07T06:00:00+00:00","article_modified_time":"2025-09-17T19:47:51+00:00","og_image":[{"width":2560,"height":1708,"url":"https:\/\/plan-in.net\/wp-content\/uploads\/2023\/01\/productividad-personal-scaled.jpg","type":"image\/jpeg"}],"author":"Andrea Garcia","twitter_card":"summary_large_image","twitter_misc":{"Escrito por":"Andrea Garcia","Tiempo de lectura":"5 minutos"},"schema":{"@context":"https:\/\/schema.org","@graph":[{"@type":"Article","@id":"https:\/\/plan-in.net\/gestion-del-estudio-contable\/productividad-personal\/#article","isPartOf":{"@id":"https:\/\/plan-in.net\/gestion-del-estudio-contable\/productividad-personal\/"},"author":{"name":"Andrea Garcia","@id":"https:\/\/plan-in.net\/ar\/#\/schema\/person\/2522c76f7341aa1453c365a4345159f9"},"headline":"\u00bfQu\u00e9 es la productividad personal y c\u00f3mo afecta en los resultados del equipo?","datePublished":"2023-01-07T06:00:00+00:00","dateModified":"2025-09-17T19:47:51+00:00","mainEntityOfPage":{"@id":"https:\/\/plan-in.net\/gestion-del-estudio-contable\/productividad-personal\/"},"wordCount":979,"publisher":{"@id":"https:\/\/plan-in.net\/ar\/#organization"},"image":{"@id":"https:\/\/plan-in.net\/gestion-del-estudio-contable\/productividad-personal\/#primaryimage"},"thumbnailUrl":"https:\/\/plan-in.net\/wp-content\/uploads\/2023\/01\/productividad-personal-scaled.jpg","articleSection":["Gesti\u00f3n del Estudio Contable"],"inLanguage":"es"},{"@type":"WebPage","@id":"https:\/\/plan-in.net\/gestion-del-estudio-contable\/productividad-personal\/","url":"https:\/\/plan-in.net\/gestion-del-estudio-contable\/productividad-personal\/","name":"Productividad personal, c\u00f3mo afecta en los resultados del equipo","isPartOf":{"@id":"https:\/\/plan-in.net\/ar\/#website"},"primaryImageOfPage":{"@id":"https:\/\/plan-in.net\/gestion-del-estudio-contable\/productividad-personal\/#primaryimage"},"image":{"@id":"https:\/\/plan-in.net\/gestion-del-estudio-contable\/productividad-personal\/#primaryimage"},"thumbnailUrl":"https:\/\/plan-in.net\/wp-content\/uploads\/2023\/01\/productividad-personal-scaled.jpg","datePublished":"2023-01-07T06:00:00+00:00","dateModified":"2025-09-17T19:47:51+00:00","description":"\u00bfQu\u00e9 es la productividad personal? C\u00f3mo cada colaborador puede impulsarla y de qu\u00e9 forma esto afecta al equipo. Aqu\u00ed todas las respuestas.","breadcrumb":{"@id":"https:\/\/plan-in.net\/gestion-del-estudio-contable\/productividad-personal\/#breadcrumb"},"inLanguage":"es","potentialAction":[{"@type":"ReadAction","target":["https:\/\/plan-in.net\/gestion-del-estudio-contable\/productividad-personal\/"]}]},{"@type":"ImageObject","inLanguage":"es","@id":"https:\/\/plan-in.net\/gestion-del-estudio-contable\/productividad-personal\/#primaryimage","url":"https:\/\/plan-in.net\/wp-content\/uploads\/2023\/01\/productividad-personal-scaled.jpg","contentUrl":"https:\/\/plan-in.net\/wp-content\/uploads\/2023\/01\/productividad-personal-scaled.jpg","width":2560,"height":1708,"caption":"Equipo de trabajo compartiendo resultados de su productividad personal"},{"@type":"BreadcrumbList","@id":"https:\/\/plan-in.net\/gestion-del-estudio-contable\/productividad-personal\/#breadcrumb","itemListElement":[{"@type":"ListItem","position":1,"name":"Inicio","item":"https:\/\/plan-in.net\/ar\/"},{"@type":"ListItem","position":2,"name":"\u00bfQu\u00e9 es la productividad personal y c\u00f3mo afecta en los resultados del equipo?"}]},{"@type":"WebSite","@id":"https:\/\/plan-in.net\/ar\/#website","url":"https:\/\/plan-in.net\/ar\/","name":"Plan In","description":"","publisher":{"@id":"https:\/\/plan-in.net\/ar\/#organization"},"potentialAction":[{"@type":"SearchAction","target":{"@type":"EntryPoint","urlTemplate":"https:\/\/plan-in.net\/ar\/?s={search_term_string}"},"query-input":{"@type":"PropertyValueSpecification","valueRequired":true,"valueName":"search_term_string"}}],"inLanguage":"es"},{"@type":"Organization","@id":"https:\/\/plan-in.net\/ar\/#organization","name":"Plan In","alternateName":"Plan In - Software para contadores","url":"https:\/\/plan-in.net\/ar\/","logo":{"@type":"ImageObject","inLanguage":"es","@id":"https:\/\/plan-in.net\/ar\/#\/schema\/logo\/image\/","url":"https:\/\/plan-in.net\/wp-content\/uploads\/2025\/02\/logo_alternativo.svg","contentUrl":"https:\/\/plan-in.net\/wp-content\/uploads\/2025\/02\/logo_alternativo.svg","width":69,"height":26,"caption":"Plan In"},"image":{"@id":"https:\/\/plan-in.net\/ar\/#\/schema\/logo\/image\/"},"sameAs":["https:\/\/www.facebook.com\/planintool","https:\/\/www.instagram.com\/plan_in_contadores\/?hl=es-la","https:\/\/www.linkedin.com\/company\/plan-innet\/"]},{"@type":"Person","@id":"https:\/\/plan-in.net\/ar\/#\/schema\/person\/2522c76f7341aa1453c365a4345159f9","name":"Andrea Garcia","sameAs":["https:\/\/plan-in.net\/"],"url":"https:\/\/plan-in.net\/mx\/author\/andrea-garcia\/"}]}},"_links":{"self":[{"href":"https:\/\/plan-in.net\/mx\/wp-json\/wp\/v2\/posts\/2043","targetHints":{"allow":["GET"]}}],"collection":[{"href":"https:\/\/plan-in.net\/mx\/wp-json\/wp\/v2\/posts"}],"about":[{"href":"https:\/\/plan-in.net\/mx\/wp-json\/wp\/v2\/types\/post"}],"author":[{"embeddable":true,"href":"https:\/\/plan-in.net\/mx\/wp-json\/wp\/v2\/users\/3"}],"replies":[{"embeddable":true,"href":"https:\/\/plan-in.net\/mx\/wp-json\/wp\/v2\/comments?post=2043"}],"version-history":[{"count":9,"href":"https:\/\/plan-in.net\/mx\/wp-json\/wp\/v2\/posts\/2043\/revisions"}],"predecessor-version":[{"id":4400,"href":"https:\/\/plan-in.net\/mx\/wp-json\/wp\/v2\/posts\/2043\/revisions\/4400"}],"wp:featuredmedia":[{"embeddable":true,"href":"https:\/\/plan-in.net\/mx\/wp-json\/wp\/v2\/media\/3989"}],"wp:attachment":[{"href":"https:\/\/plan-in.net\/mx\/wp-json\/wp\/v2\/media?parent=2043"}],"wp:term":[{"taxonomy":"category","embeddable":true,"href":"https:\/\/plan-in.net\/mx\/wp-json\/wp\/v2\/categories?post=2043"},{"taxonomy":"post_tag","embeddable":true,"href":"https:\/\/plan-in.net\/mx\/wp-json\/wp\/v2\/tags?post=2043"}],"curies":[{"name":"wp","href":"https:\/\/api.w.org\/{rel}","templated":true}]}}