{"id":4152,"date":"2025-05-26T11:47:53","date_gmt":"2025-05-26T14:47:53","guid":{"rendered":"https:\/\/plan-in.net\/?p=4152"},"modified":"2025-09-18T10:02:34","modified_gmt":"2025-09-18T13:02:34","slug":"gestion-del-cambio","status":"publish","type":"post","link":"https:\/\/plan-in.net\/uy\/gestion-del-estudio-contable\/gestion-del-cambio\/","title":{"rendered":"Gesti\u00f3n del cambio en estudios contables: adaptaci\u00f3n, liderazgo y futuro profesional"},"content":{"rendered":"<p>Cambiar no es f\u00e1cil. Pero en el contexto actual, la <strong>gesti\u00f3n del cambio<\/strong> se convirti\u00f3 en una necesidad para los estudios contables que buscan mantenerse vigentes, escalar sus operaciones y ofrecer servicios de mayor valor.<\/p>\n<p>Transformar procesos, adoptar nuevas tecnolog\u00edas o pasar de un modelo centrado en tareas operativas a uno de asesoramiento estrat\u00e9gico no sucede de un d\u00eda para el otro. Requiere liderar un cambio organizacional profundo que involucre cultura, metodolog\u00edas y mentalidad.<\/p>\n<p>En este art\u00edculo te contaremos <strong>qu\u00e9 es la gesti\u00f3n del cambio en estudios contables<\/strong>, su importancia y c\u00f3mo gestionar la resistencia al cambio.<\/p>\n<h2>\u00bfQu\u00e9 es la gesti\u00f3n del cambio en estudios contables?<\/h2>\n<p>La <strong>gesti\u00f3n del cambio<\/strong> es el conjunto de estrategias y acciones que permiten guiar a una organizaci\u00f3n desde una situaci\u00f3n actual hacia un estado deseado.<\/p>\n<p>En un estudio contable, puede aplicarse a:<\/p>\n<ul>\n<li>Incorporaci\u00f3n de nueva tecnolog\u00eda.<\/li>\n<li>Redefinici\u00f3n de servicios.<\/li>\n<li>Reestructuraci\u00f3n de equipos.<\/li>\n<li><a href=\"https:\/\/plan-in.net\/uy\/tecnologia-para-contadores\/cambio-cultural-estudios-contables\/\">Cambio cultural<\/a> en la forma de trabajar.<\/li>\n<\/ul>\n<p>No se trata s\u00f3lo de implementar una herramienta o dar una capacitaci\u00f3n. Implica trabajar sobre personas, procesos y objetivos. Para un estudio contable, gestionar el cambio con \u00e9xito es la base para evolucionar hacia modelos m\u00e1s sostenibles y competitivos.<\/p>\n<p>Este proceso debe estar alineado con una visi\u00f3n clara del futuro deseado, acompa\u00f1ado por un liderazgo activo y respaldado por herramientas que permitan medir el impacto del cambio en cada etapa.<\/p>\n<h2>\u00bfPor qu\u00e9 es importante la gesti\u00f3n del cambio en estudios contables?<\/h2>\n<p>Los estudios contables est\u00e1n atravesando una transformaci\u00f3n que toca todos los aspectos del negocio. Gestionar el cambio de forma planificada te permite:<\/p>\n<h3>1. Adaptarte a las nuevas demandas del cliente<\/h3>\n<p>Los clientes ya no buscan solo cumplimiento. Esperan an\u00e1lisis, recomendaciones y acompa\u00f1amiento. Cambiar tu propuesta de valor implica cambiar tambi\u00e9n tu estructura de trabajo.<\/p>\n<p>Por ejemplo, si ofreces asesoramiento financiero, necesitas procesos m\u00e1s consultivos, nuevas m\u00e9tricas y otro tipo de interacci\u00f3n con el cliente.<\/p>\n<h3>2. Integrar tecnolog\u00eda con impacto real<\/h3>\n<p>Automatizar tareas no alcanza si no se transforma tambi\u00e9n la forma de operar y decidir. La tecnolog\u00eda exige nuevos roles, nuevas habilidades y una mentalidad distinta.<\/p>\n<p>Un caso ser\u00eda: la adopci\u00f3n de herramientas de an\u00e1lisis de datos exige que el equipo sepa interpretarlos y convertirlos en recomendaciones valiosas.<\/p>\n<h3>3. Alinear al equipo con un nuevo prop\u00f3sito<\/h3>\n<p><a href=\"https:\/\/www.linkedin.com\/posts\/plan-innet_planin-gestiaejndeproyectos-estudiocontable-activity-7285264470333952000-1mtQ?utm_source=share&amp;utm_medium=member_desktop&amp;rcm=ACoAAAwd0tABdc9EHrpja30VtwP2b5FLzKpSOog\">Gestionar el cambio<\/a> permite acompa\u00f1ar al equipo, dar claridad, contener resistencias y generar compromiso. Lo cual ayuda a reducir la incertidumbre.<\/p>\n<p>Cuando las personas entienden el &#8220;para qu\u00e9&#8221; del cambio, se involucran con el &#8220;c\u00f3mo&#8221;.<\/p>\n<h3>4. Escalar con orden y sostenibilidad<\/h3>\n<p>Ya sea que quieras crecer, ofrecer nuevos servicios o profesionalizar procesos internos, el cambio organizacional necesita ser liderado. Si no lo gestionas, lo terminas improvisando.<\/p>\n<h2>Tipos de gesti\u00f3n del cambio en la organizaci\u00f3n<\/h2>\n<p>Existen distintos enfoques de cambio organizacional. Todos pueden coexistir en un estudio contable:<\/p>\n<h3>Cambio estructural<\/h3>\n<p>Reorganiza \u00e1reas, redefine funciones o incorpora nuevos perfiles profesionales. Un ejemplo es la creaci\u00f3n de una unidad de servicios financieros dentro del estudio. Para contribuir a la claridad en la asignaci\u00f3n de responsabilidades, resulta clave contar con herramientas de <a href=\"https:\/\/plan-in.net\/uy\/producto\/gestion-de-organigrama\/\">gesti\u00f3n de organigrama<\/a>.<\/p>\n<h3>Cambio cultural<\/h3>\n<p>Modifica h\u00e1bitos, valores y formas de trabajo. Por ejemplo, promover una cultura m\u00e1s colaborativa y orientada al an\u00e1lisis de datos.<\/p>\n<p>Es clave adoptar nuevas metodolog\u00edas sin generar fricci\u00f3n interna.<\/p>\n<h3>Cambio tecnol\u00f3gico<\/h3>\n<p>Incluye <a href=\"https:\/\/plan-in.net\/uy\/tecnologia-para-contadores\/sistema-gestion-estudios-contables\/\">sistemas contables<\/a>, plataformas de colaboraci\u00f3n, herramientas de automatizaci\u00f3n, dashboards para seguimiento de clientes, entre otros. Tambi\u00e9n, en la transformaci\u00f3n digital, es clave contar con la <a href=\"https:\/\/plan-in.net\/uy\/producto\/consolidacion-de-base-de-datos\/\">consolidaci\u00f3n de base de datos<\/a>, que permite trabajar con informaci\u00f3n unificada y sin duplicados.<\/p>\n<p>Debe acompa\u00f1arse de capacitaci\u00f3n, soporte y evaluaci\u00f3n de resultados.<\/p>\n<h3>Cambio estrat\u00e9gico<\/h3>\n<p>Implica un cambio en la visi\u00f3n del estudio. Pasar de tareas operativas a servicios consultivos es un ejemplo clave.<\/p>\n<p>Este tipo de cambio requiere redise\u00f1ar procesos, indicadores y canales de comunicaci\u00f3n con el cliente.<\/p>\n<h2>C\u00f3mo gestionar la resistencia al cambio<\/h2>\n<p>La resistencia al cambio es natural. Lo importante es saber c\u00f3mo acompa\u00f1arla para transformarla en acci\u00f3n.<\/p>\n<h3>Identifica los miedos y barreras<\/h3>\n<ul>\n<li>Temor a perder el control.<\/li>\n<li>Dudas sobre la utilidad del cambio.<\/li>\n<li>Falta de claridad sobre el rol que cada uno ocupar\u00e1.<\/li>\n<li>Experiencias previas mal gestionadas.<\/li>\n<\/ul>\n<h3>Comunica con transparencia y frecuencia<\/h3>\n<ul>\n<li>Explica el porqu\u00e9, c\u00f3mo y para qu\u00e9 del cambio.<\/li>\n<li>Mant\u00e9n a todos informados en cada etapa.<\/li>\n<li>Us\u00e1 distintos canales (reuniones, tableros, videos, gu\u00edas).<\/li>\n<\/ul>\n<h3>Involucra desde el inicio<\/h3>\n<ul>\n<li>Crea equipos de trabajo para dise\u00f1ar el cambio.<\/li>\n<li>Escucha opiniones y ajusta cuando sea necesario.<\/li>\n<li>Dale protagonismo a quienes lideran procesos claves.<\/li>\n<\/ul>\n<h3>Ofrece formaci\u00f3n pr\u00e1ctica<\/h3>\n<ul>\n<li>Dise\u00f1a capacitaciones a medida.<\/li>\n<li>Muestra casos de \u00e9xito.<\/li>\n<li>Asigna mentores internos.<\/li>\n<\/ul>\n<h3>Celebra los avances<\/h3>\n<ul>\n<li>Comparte logros en tiempo y forma.<\/li>\n<li>Muestra indicadores de mejora.<\/li>\n<li>Felicita a quienes impulsan el cambio.<\/li>\n<\/ul>\n<h2>La gesti\u00f3n del cambio es una decisi\u00f3n de liderazgo<\/h2>\n<p>Un estudio contable que suma herramientas espec\u00edficas y acompa\u00f1a a su equipo en el proceso de cambio, est\u00e1 en condiciones de adaptarse a un mercado exigente y cada vez m\u00e1s competitivo. Esto muestra en la pr\u00e1ctica <a href=\"https:\/\/plan-in.net\/uy\/por-que-plan-in-software-contable\/\">por qu\u00e9 elegir un software contable especializado<\/a> puede marcar un antes y un despu\u00e9s en el crecimiento del estudio.<\/p>\n<p>Transformar la <strong>cultura de trabajo<\/strong>, integrar tecnolog\u00eda con sentido estrat\u00e9gico y enfocar los servicios en la generaci\u00f3n de valor para el cliente requiere m\u00e1s que intenci\u00f3n: requiere planificaci\u00f3n, compromiso y acci\u00f3n.<\/p>\n<p><strong>Si tu estudio est\u00e1 en un proceso de transformaci\u00f3n, empezar con una estrategia clara es lo que marca la diferencia entre adaptarse y quedar atr\u00e1s<\/strong>. Conoce c\u00f3mo acompa\u00f1ar esta transici\u00f3n con una herramienta pensada para tu realidad profesional. <a href=\"#demo\">Solicita una demo personalizada y gratuita hoy mismo<\/a>.<\/p>","protected":false},"excerpt":{"rendered":"<p>Descubre qu\u00e9 es la gesti\u00f3n del cambio en estudios contables y por qu\u00e9 es clave para transformar procesos, cultura y servicios profesionales.<\/p>","protected":false},"author":3,"featured_media":4153,"comment_status":"closed","ping_status":"closed","sticky":false,"template":"","format":"standard","meta":{"_acf_changed":false,"footnotes":""},"categories":[11],"tags":[],"class_list":["post-4152","post","type-post","status-publish","format-standard","has-post-thumbnail","hentry","category-gestion-del-estudio-contable"],"acf":[],"yoast_head":"<!-- This site is optimized with the Yoast SEO plugin v27.3 - https:\/\/yoast.com\/product\/yoast-seo-wordpress\/ -->\n<title>Gesti\u00f3n del cambio en estudios contables<\/title>\n<meta name=\"description\" content=\"Descubre qu\u00e9 es la gesti\u00f3n del cambio en estudios contables y por qu\u00e9 es clave para transformar procesos, cultura y servicios profesionales.\" \/>\n<meta name=\"robots\" content=\"index, follow, max-snippet:-1, max-image-preview:large, max-video-preview:-1\" \/>\n<link rel=\"canonical\" href=\"https:\/\/plan-in.net\/uy\/gestion-del-estudio-contable\/gestion-del-cambio\/\" \/>\n<meta property=\"og:locale\" content=\"es_ES\" \/>\n<meta property=\"og:type\" content=\"article\" \/>\n<meta property=\"og:title\" content=\"Gesti\u00f3n del cambio en estudios contables\" \/>\n<meta property=\"og:description\" content=\"Descubre qu\u00e9 es la gesti\u00f3n del cambio en estudios contables y por qu\u00e9 es clave para transformar procesos, cultura y servicios profesionales.\" \/>\n<meta property=\"og:url\" content=\"https:\/\/plan-in.net\/uy\/gestion-del-estudio-contable\/gestion-del-cambio\/\" \/>\n<meta property=\"og:site_name\" content=\"Plan In\" \/>\n<meta property=\"article:publisher\" content=\"https:\/\/www.facebook.com\/planintool\" \/>\n<meta property=\"article:published_time\" content=\"2025-05-26T14:47:53+00:00\" \/>\n<meta property=\"article:modified_time\" content=\"2025-09-18T13:02:34+00:00\" \/>\n<meta property=\"og:image\" content=\"https:\/\/plan-in.net\/wp-content\/uploads\/2025\/06\/Gestion-del-cambio-scaled.jpg\" \/>\n\t<meta property=\"og:image:width\" content=\"2560\" \/>\n\t<meta property=\"og:image:height\" content=\"1707\" \/>\n\t<meta property=\"og:image:type\" content=\"image\/jpeg\" \/>\n<meta name=\"author\" content=\"Andrea Garcia\" \/>\n<meta name=\"twitter:card\" content=\"summary_large_image\" \/>\n<meta name=\"twitter:label1\" content=\"Written by\" \/>\n\t<meta name=\"twitter:data1\" content=\"Andrea Garcia\" \/>\n\t<meta name=\"twitter:label2\" content=\"Est. reading time\" \/>\n\t<meta name=\"twitter:data2\" content=\"5 minutos\" \/>\n<script type=\"application\/ld+json\" class=\"yoast-schema-graph\">{\"@context\":\"https:\\\/\\\/schema.org\",\"@graph\":[{\"@type\":\"Article\",\"@id\":\"https:\\\/\\\/plan-in.net\\\/gestion-del-estudio-contable\\\/gestion-del-cambio\\\/#article\",\"isPartOf\":{\"@id\":\"https:\\\/\\\/plan-in.net\\\/gestion-del-estudio-contable\\\/gestion-del-cambio\\\/\"},\"author\":{\"name\":\"Andrea Garcia\",\"@id\":\"https:\\\/\\\/plan-in.net\\\/ar\\\/#\\\/schema\\\/person\\\/2522c76f7341aa1453c365a4345159f9\"},\"headline\":\"Gesti\u00f3n del cambio en estudios contables: adaptaci\u00f3n, liderazgo y futuro profesional\",\"datePublished\":\"2025-05-26T14:47:53+00:00\",\"dateModified\":\"2025-09-18T13:02:34+00:00\",\"mainEntityOfPage\":{\"@id\":\"https:\\\/\\\/plan-in.net\\\/gestion-del-estudio-contable\\\/gestion-del-cambio\\\/\"},\"wordCount\":1004,\"publisher\":{\"@id\":\"https:\\\/\\\/plan-in.net\\\/ar\\\/#organization\"},\"image\":{\"@id\":\"https:\\\/\\\/plan-in.net\\\/gestion-del-estudio-contable\\\/gestion-del-cambio\\\/#primaryimage\"},\"thumbnailUrl\":\"https:\\\/\\\/plan-in.net\\\/wp-content\\\/uploads\\\/2025\\\/06\\\/Gestion-del-cambio-scaled.jpg\",\"articleSection\":[\"Gesti\u00f3n del Estudio Contable\"],\"inLanguage\":\"es-UY\"},{\"@type\":\"WebPage\",\"@id\":\"https:\\\/\\\/plan-in.net\\\/gestion-del-estudio-contable\\\/gestion-del-cambio\\\/\",\"url\":\"https:\\\/\\\/plan-in.net\\\/gestion-del-estudio-contable\\\/gestion-del-cambio\\\/\",\"name\":\"Gesti\u00f3n del cambio en estudios contables\",\"isPartOf\":{\"@id\":\"https:\\\/\\\/plan-in.net\\\/ar\\\/#website\"},\"primaryImageOfPage\":{\"@id\":\"https:\\\/\\\/plan-in.net\\\/gestion-del-estudio-contable\\\/gestion-del-cambio\\\/#primaryimage\"},\"image\":{\"@id\":\"https:\\\/\\\/plan-in.net\\\/gestion-del-estudio-contable\\\/gestion-del-cambio\\\/#primaryimage\"},\"thumbnailUrl\":\"https:\\\/\\\/plan-in.net\\\/wp-content\\\/uploads\\\/2025\\\/06\\\/Gestion-del-cambio-scaled.jpg\",\"datePublished\":\"2025-05-26T14:47:53+00:00\",\"dateModified\":\"2025-09-18T13:02:34+00:00\",\"description\":\"Descubre qu\u00e9 es la gesti\u00f3n del cambio en estudios contables y por qu\u00e9 es clave para transformar procesos, cultura y servicios profesionales.\",\"breadcrumb\":{\"@id\":\"https:\\\/\\\/plan-in.net\\\/gestion-del-estudio-contable\\\/gestion-del-cambio\\\/#breadcrumb\"},\"inLanguage\":\"es-UY\",\"potentialAction\":[{\"@type\":\"ReadAction\",\"target\":[\"https:\\\/\\\/plan-in.net\\\/gestion-del-estudio-contable\\\/gestion-del-cambio\\\/\"]}]},{\"@type\":\"ImageObject\",\"inLanguage\":\"es-UY\",\"@id\":\"https:\\\/\\\/plan-in.net\\\/gestion-del-estudio-contable\\\/gestion-del-cambio\\\/#primaryimage\",\"url\":\"https:\\\/\\\/plan-in.net\\\/wp-content\\\/uploads\\\/2025\\\/06\\\/Gestion-del-cambio-scaled.jpg\",\"contentUrl\":\"https:\\\/\\\/plan-in.net\\\/wp-content\\\/uploads\\\/2025\\\/06\\\/Gestion-del-cambio-scaled.jpg\",\"width\":2560,\"height\":1707,\"caption\":\"Personal contable abordando la gesti\u00f3n del cambio en su estudio.\"},{\"@type\":\"BreadcrumbList\",\"@id\":\"https:\\\/\\\/plan-in.net\\\/gestion-del-estudio-contable\\\/gestion-del-cambio\\\/#breadcrumb\",\"itemListElement\":[{\"@type\":\"ListItem\",\"position\":1,\"name\":\"Inicio\",\"item\":\"https:\\\/\\\/plan-in.net\\\/ar\\\/\"},{\"@type\":\"ListItem\",\"position\":2,\"name\":\"Gesti\u00f3n del cambio en estudios contables: adaptaci\u00f3n, liderazgo y futuro profesional\"}]},{\"@type\":\"WebSite\",\"@id\":\"https:\\\/\\\/plan-in.net\\\/ar\\\/#website\",\"url\":\"https:\\\/\\\/plan-in.net\\\/ar\\\/\",\"name\":\"Plan In\",\"description\":\"\",\"publisher\":{\"@id\":\"https:\\\/\\\/plan-in.net\\\/ar\\\/#organization\"},\"potentialAction\":[{\"@type\":\"SearchAction\",\"target\":{\"@type\":\"EntryPoint\",\"urlTemplate\":\"https:\\\/\\\/plan-in.net\\\/ar\\\/?s={search_term_string}\"},\"query-input\":{\"@type\":\"PropertyValueSpecification\",\"valueRequired\":true,\"valueName\":\"search_term_string\"}}],\"inLanguage\":\"es-UY\"},{\"@type\":\"Organization\",\"@id\":\"https:\\\/\\\/plan-in.net\\\/ar\\\/#organization\",\"name\":\"Plan In\",\"alternateName\":\"Plan In - Software para contadores\",\"url\":\"https:\\\/\\\/plan-in.net\\\/ar\\\/\",\"logo\":{\"@type\":\"ImageObject\",\"inLanguage\":\"es-UY\",\"@id\":\"https:\\\/\\\/plan-in.net\\\/ar\\\/#\\\/schema\\\/logo\\\/image\\\/\",\"url\":\"https:\\\/\\\/plan-in.net\\\/wp-content\\\/uploads\\\/2025\\\/02\\\/logo_alternativo.svg\",\"contentUrl\":\"https:\\\/\\\/plan-in.net\\\/wp-content\\\/uploads\\\/2025\\\/02\\\/logo_alternativo.svg\",\"width\":69,\"height\":26,\"caption\":\"Plan In\"},\"image\":{\"@id\":\"https:\\\/\\\/plan-in.net\\\/ar\\\/#\\\/schema\\\/logo\\\/image\\\/\"},\"sameAs\":[\"https:\\\/\\\/www.facebook.com\\\/planintool\",\"https:\\\/\\\/www.instagram.com\\\/plan_in_contadores\\\/?hl=es-la\",\"https:\\\/\\\/www.linkedin.com\\\/company\\\/plan-innet\\\/\"]},{\"@type\":\"Person\",\"@id\":\"https:\\\/\\\/plan-in.net\\\/ar\\\/#\\\/schema\\\/person\\\/2522c76f7341aa1453c365a4345159f9\",\"name\":\"Andrea Garcia\",\"sameAs\":[\"https:\\\/\\\/plan-in.net\\\/\"],\"url\":\"https:\\\/\\\/plan-in.net\\\/uy\\\/author\\\/andrea-garcia\\\/\"}]}<\/script>\n<!-- \/ Yoast SEO plugin. -->","yoast_head_json":{"title":"Gesti\u00f3n del cambio en estudios contables","description":"Descubre qu\u00e9 es la gesti\u00f3n del cambio en estudios contables y por qu\u00e9 es clave para transformar procesos, cultura y servicios profesionales.","robots":{"index":"index","follow":"follow","max-snippet":"max-snippet:-1","max-image-preview":"max-image-preview:large","max-video-preview":"max-video-preview:-1"},"canonical":"https:\/\/plan-in.net\/uy\/gestion-del-estudio-contable\/gestion-del-cambio\/","og_locale":"es_ES","og_type":"article","og_title":"Gesti\u00f3n del cambio en estudios contables","og_description":"Descubre qu\u00e9 es la gesti\u00f3n del cambio en estudios contables y por qu\u00e9 es clave para transformar procesos, cultura y servicios profesionales.","og_url":"https:\/\/plan-in.net\/uy\/gestion-del-estudio-contable\/gestion-del-cambio\/","og_site_name":"Plan In","article_publisher":"https:\/\/www.facebook.com\/planintool","article_published_time":"2025-05-26T14:47:53+00:00","article_modified_time":"2025-09-18T13:02:34+00:00","og_image":[{"width":2560,"height":1707,"url":"https:\/\/plan-in.net\/wp-content\/uploads\/2025\/06\/Gestion-del-cambio-scaled.jpg","type":"image\/jpeg"}],"author":"Andrea Garcia","twitter_card":"summary_large_image","twitter_misc":{"Written by":"Andrea Garcia","Est. reading time":"5 minutos"},"schema":{"@context":"https:\/\/schema.org","@graph":[{"@type":"Article","@id":"https:\/\/plan-in.net\/gestion-del-estudio-contable\/gestion-del-cambio\/#article","isPartOf":{"@id":"https:\/\/plan-in.net\/gestion-del-estudio-contable\/gestion-del-cambio\/"},"author":{"name":"Andrea Garcia","@id":"https:\/\/plan-in.net\/ar\/#\/schema\/person\/2522c76f7341aa1453c365a4345159f9"},"headline":"Gesti\u00f3n del cambio en estudios contables: adaptaci\u00f3n, liderazgo y futuro profesional","datePublished":"2025-05-26T14:47:53+00:00","dateModified":"2025-09-18T13:02:34+00:00","mainEntityOfPage":{"@id":"https:\/\/plan-in.net\/gestion-del-estudio-contable\/gestion-del-cambio\/"},"wordCount":1004,"publisher":{"@id":"https:\/\/plan-in.net\/ar\/#organization"},"image":{"@id":"https:\/\/plan-in.net\/gestion-del-estudio-contable\/gestion-del-cambio\/#primaryimage"},"thumbnailUrl":"https:\/\/plan-in.net\/wp-content\/uploads\/2025\/06\/Gestion-del-cambio-scaled.jpg","articleSection":["Gesti\u00f3n del Estudio Contable"],"inLanguage":"es-UY"},{"@type":"WebPage","@id":"https:\/\/plan-in.net\/gestion-del-estudio-contable\/gestion-del-cambio\/","url":"https:\/\/plan-in.net\/gestion-del-estudio-contable\/gestion-del-cambio\/","name":"Gesti\u00f3n del cambio en estudios contables","isPartOf":{"@id":"https:\/\/plan-in.net\/ar\/#website"},"primaryImageOfPage":{"@id":"https:\/\/plan-in.net\/gestion-del-estudio-contable\/gestion-del-cambio\/#primaryimage"},"image":{"@id":"https:\/\/plan-in.net\/gestion-del-estudio-contable\/gestion-del-cambio\/#primaryimage"},"thumbnailUrl":"https:\/\/plan-in.net\/wp-content\/uploads\/2025\/06\/Gestion-del-cambio-scaled.jpg","datePublished":"2025-05-26T14:47:53+00:00","dateModified":"2025-09-18T13:02:34+00:00","description":"Descubre qu\u00e9 es la gesti\u00f3n del cambio en estudios contables y por qu\u00e9 es clave para transformar procesos, cultura y servicios profesionales.","breadcrumb":{"@id":"https:\/\/plan-in.net\/gestion-del-estudio-contable\/gestion-del-cambio\/#breadcrumb"},"inLanguage":"es-UY","potentialAction":[{"@type":"ReadAction","target":["https:\/\/plan-in.net\/gestion-del-estudio-contable\/gestion-del-cambio\/"]}]},{"@type":"ImageObject","inLanguage":"es-UY","@id":"https:\/\/plan-in.net\/gestion-del-estudio-contable\/gestion-del-cambio\/#primaryimage","url":"https:\/\/plan-in.net\/wp-content\/uploads\/2025\/06\/Gestion-del-cambio-scaled.jpg","contentUrl":"https:\/\/plan-in.net\/wp-content\/uploads\/2025\/06\/Gestion-del-cambio-scaled.jpg","width":2560,"height":1707,"caption":"Personal contable abordando la gesti\u00f3n del cambio en su estudio."},{"@type":"BreadcrumbList","@id":"https:\/\/plan-in.net\/gestion-del-estudio-contable\/gestion-del-cambio\/#breadcrumb","itemListElement":[{"@type":"ListItem","position":1,"name":"Inicio","item":"https:\/\/plan-in.net\/ar\/"},{"@type":"ListItem","position":2,"name":"Gesti\u00f3n del cambio en estudios contables: adaptaci\u00f3n, liderazgo y futuro profesional"}]},{"@type":"WebSite","@id":"https:\/\/plan-in.net\/ar\/#website","url":"https:\/\/plan-in.net\/ar\/","name":"Plan In","description":"","publisher":{"@id":"https:\/\/plan-in.net\/ar\/#organization"},"potentialAction":[{"@type":"SearchAction","target":{"@type":"EntryPoint","urlTemplate":"https:\/\/plan-in.net\/ar\/?s={search_term_string}"},"query-input":{"@type":"PropertyValueSpecification","valueRequired":true,"valueName":"search_term_string"}}],"inLanguage":"es-UY"},{"@type":"Organization","@id":"https:\/\/plan-in.net\/ar\/#organization","name":"Plan In","alternateName":"Plan In - Software para contadores","url":"https:\/\/plan-in.net\/ar\/","logo":{"@type":"ImageObject","inLanguage":"es-UY","@id":"https:\/\/plan-in.net\/ar\/#\/schema\/logo\/image\/","url":"https:\/\/plan-in.net\/wp-content\/uploads\/2025\/02\/logo_alternativo.svg","contentUrl":"https:\/\/plan-in.net\/wp-content\/uploads\/2025\/02\/logo_alternativo.svg","width":69,"height":26,"caption":"Plan In"},"image":{"@id":"https:\/\/plan-in.net\/ar\/#\/schema\/logo\/image\/"},"sameAs":["https:\/\/www.facebook.com\/planintool","https:\/\/www.instagram.com\/plan_in_contadores\/?hl=es-la","https:\/\/www.linkedin.com\/company\/plan-innet\/"]},{"@type":"Person","@id":"https:\/\/plan-in.net\/ar\/#\/schema\/person\/2522c76f7341aa1453c365a4345159f9","name":"Andrea Garcia","sameAs":["https:\/\/plan-in.net\/"],"url":"https:\/\/plan-in.net\/uy\/author\/andrea-garcia\/"}]}},"_links":{"self":[{"href":"https:\/\/plan-in.net\/uy\/wp-json\/wp\/v2\/posts\/4152","targetHints":{"allow":["GET"]}}],"collection":[{"href":"https:\/\/plan-in.net\/uy\/wp-json\/wp\/v2\/posts"}],"about":[{"href":"https:\/\/plan-in.net\/uy\/wp-json\/wp\/v2\/types\/post"}],"author":[{"embeddable":true,"href":"https:\/\/plan-in.net\/uy\/wp-json\/wp\/v2\/users\/3"}],"replies":[{"embeddable":true,"href":"https:\/\/plan-in.net\/uy\/wp-json\/wp\/v2\/comments?post=4152"}],"version-history":[{"count":4,"href":"https:\/\/plan-in.net\/uy\/wp-json\/wp\/v2\/posts\/4152\/revisions"}],"predecessor-version":[{"id":4455,"href":"https:\/\/plan-in.net\/uy\/wp-json\/wp\/v2\/posts\/4152\/revisions\/4455"}],"wp:featuredmedia":[{"embeddable":true,"href":"https:\/\/plan-in.net\/uy\/wp-json\/wp\/v2\/media\/4153"}],"wp:attachment":[{"href":"https:\/\/plan-in.net\/uy\/wp-json\/wp\/v2\/media?parent=4152"}],"wp:term":[{"taxonomy":"category","embeddable":true,"href":"https:\/\/plan-in.net\/uy\/wp-json\/wp\/v2\/categories?post=4152"},{"taxonomy":"post_tag","embeddable":true,"href":"https:\/\/plan-in.net\/uy\/wp-json\/wp\/v2\/tags?post=4152"}],"curies":[{"name":"wp","href":"https:\/\/api.w.org\/{rel}","templated":true}]}}